{"id":20763,"date":"2025-05-06T17:09:06","date_gmt":"2025-05-06T17:09:06","guid":{"rendered":"https:\/\/elpregonerodezamora.com\/?p=20763"},"modified":"2025-05-06T17:09:06","modified_gmt":"2025-05-06T17:09:06","slug":"las-guerras-del-fin-del-mundo","status":"publish","type":"post","link":"https:\/\/elpregonerodezamora.com\/index.php\/2025\/05\/06\/las-guerras-del-fin-del-mundo\/","title":{"rendered":"LAS GUERRAS DEL FIN DEL MUNDO&#8230;"},"content":{"rendered":"\n<p style=\"font-size:35px\"><strong>LAS PEQUE\u00d1AS COSAS&#8230;<\/strong><\/p>\n\n\n\n<p>                                             <strong>LA MA\u00d1ANA QUE SONR\u00cdE<\/strong><\/p>\n\n\n\n<p class=\"has-text-align-right\"><strong><em>&#8220;Apenas se asoma el aura, discreta, en silencio, \/ es la vida que despunta, se desliza quedo, \/ es el tiempo que se asoma, se anuncia lenta, \/ es la vida, sin duda, tus ojos la iluminan. \/ Es otro d\u00eda por andar, es lo \u00fanico cierto, \/ es otro d\u00eda por vivir al menos&#8221;&#8230;<\/em>el\u00edseo<\/strong><\/p>\n\n\n\n<p><strong>Luego del fin de la Segunda Guerra Mundial, en 1945, y supuestamente para evitar que se repitieran eventos como los que Hitler y sus ambiciones hicieron pasar a la humanidad de entonces, el gobierno de los Estados Unidos ech\u00f3 a andar la maquinaria reorganizativa que lo habr\u00eda de llevar a formar una red de organizaciones internacionales con las que el autoproclamado pa\u00eds ganador de la guerra buscaba erigirse como el polic\u00eda y el banquero del &#8220;mundo libre&#8221;: as\u00ed se forma la ONU y el FMI (Organizaci\u00f3n de las Naciones Unidas y el Fondo Monetario Internacional); de esta manera se busca dirigir y controlar las grandes decisiones mundiales que permitan un crecimiento ordenado de las naciones, sus relaciones pol\u00edtica, financieras, comerciales y militares.<\/strong><\/p>\n\n\n\n<p><strong>Por desgracia, todo fue una cortina de enga\u00f1os que le permiti\u00f3 al gobierno de Estados Unidos mantener un control sobre las instituciones que, supuestamente rigen el ritmo de las relaciones pol\u00edticas internacionales, los patrones productivos, y las pol\u00edticas de endeudamiento de los gobiernos miembros.<\/strong><\/p>\n\n\n\n<p style=\"font-size:25px\"><strong>Tres referencias para el caso de hoy&#8230;<\/strong><\/p>\n\n\n\n<p><strong><em>La Guerra invasi\u00f3n de Israel sobre lo que queda de Palestina&#8230;<\/em><\/strong><\/p>\n\n\n\n<p><strong><em>La guerra comercial desatada de manera unilateral desde Estados Unidos contra el mundo&#8230;<\/em><\/strong><\/p>\n\n\n\n<p><strong><em>La sobreproducci\u00f3n automotriz, se\u00f1al inequ\u00edvoca de la voracidad humana&#8230;<\/em><\/strong><\/p>\n\n\n\n<p><strong>Ayer lunes 5 de mayo, el genocida denunciado internacionalmente por cr\u00edmenes de lesa humanidad Benjam\u00edn Netanyahu, quien deber\u00eda estar en una c\u00e1rcel en la Haya Holanda, sede del tribunal internacional, formado precisamente por la ONU para castigar a los genocidas como el l\u00edder jud\u00edo; como si fuera algo as\u00ed como un d\u00eda cualquiera; anunci\u00f3 en rueda de prensa a modo para sus intereses y los de su protector Donald Trump; que el plan marcha conforme a lo esperado; y que en los pr\u00f3ximos d\u00edas podr\u00e1n tener totalmente limpia la zona de guerra invadida; o sea, lo que queda de Palestina; y que espera entreg\u00e1rsela a Donald Trump en su pr\u00f3ximo viaje a Israel, lo que, seg\u00fan sus palabras, suceder\u00e1 en los pr\u00f3ximos d\u00edas.<\/strong><\/p>\n\n\n\n<p><strong>Mientras tanto, la ONU sigue finiendo amnesia, no hace casi nada para detenerlo y encerrarlo; un genocida que debiera estar en la c\u00e1rcel de por vida; se dispone a entregarle el regalo deseado por Trump; palestina sin palestinos; para hacerse un peque\u00f1os balneario de descanso para \u00e9l y la gente blanca millonaria&#8230;como \u00e9l.<\/strong><\/p>\n\n\n\n<p><strong><em>\u00bfPara eso se cre\u00f3 la ONU&#8230;?<\/em><\/strong><\/p>\n\n\n\n<p><strong>Apenas lleg\u00f3 al poder el presidente Trump anunci\u00f3 al mundo que lo odia, que odia todo lo que se rinda ante sus pies; odia no poder ser nombrado emperador del mundo; odia no poder ser como Napole\u00f3n, y para manifestarlo se recre\u00f3 para si mismo el momento en que el Corso de coron\u00f3 a s\u00ed mismo sin esperar que el Papa lo hiciera como dicta la norma de la Europa colonizadora.<\/strong><\/p>\n\n\n\n<p><strong>Quiere, necesita ser llamado &#8220;majestad&#8221;, y cuando ve la presteza con que ha sido despedido el extinto Papa Francisco, la envidia lo invadi\u00f3 y decidi\u00f3, como ni\u00f1o rico grosero, decidi\u00f3 que, igual podr\u00eda ser el pr\u00f3ximo Papa, si con ello lograba atraer la atenci\u00f3n, el respeto y la sumisi\u00f3n de m\u00e1s personas.<\/strong><\/p>\n\n\n\n<p><strong>Su horrorosa majestad, ahora decide que quiere ser emperador y Papa; muy probablemente alguien le cont\u00f3 la historia de los Borgia y desea emularlos; de hecho hay muchas similitudes entre ambas familias: mientras Borgia compr\u00f3 la corona del papado, su hijo Alejandro quedaba al frente del ej\u00e9rcito del Vaticano, que igual se alquilaba para hacer guerra y someter a los enemigos del Papa, o para atacar a reyes y pr\u00edncipes que no se sometieran a las ordenes del Papa.<\/strong><\/p>\n\n\n\n<p><strong><em>En tanto, su hija Lucrecia, era la amante preferida del &#8220;santo Bar\u00f3n&#8221; que ostentaba el trono de Pedro en el Vaticano.<\/em><\/strong><\/p>\n\n\n\n<p><strong>Por cierto, los amores y la cama de \u00e9sta, al parecer bella mujer, eran compartidos entre su hermano y su padre: Papa y jefe de los ej\u00e9rcitos; padre y hermano sus amantes favoritos, y de complemento un noble a su lado en calidad de esposo, producto de los convenios del propio Papa, como estrategia de guerra.<\/strong><\/p>\n\n\n\n<p><strong>Si revisamos el perfil de Trump y su familia, todo tiende a parecerse mucho; mientras el act\u00faa como due\u00f1o del mundo, env\u00eda a su hijo a preparar una supuesta invasi\u00f3n a Groenlandia; a revisar el territorio de Gaza para futuras inversiones; y no tiene empacho en delarar lo buena que esta su hija, y lo rico que debe ser estar con ella en la cama&#8230; (que cada quien saque sus conclusiones al respecto).<\/strong><\/p>\n\n\n\n<p><strong>Por otro lado decimos que la tierra no soporta m\u00e1s degradaci\u00f3n; que se debe detener el deterioro ambiental; desde 1997 se realizan reuniones internacionales supuestamente para detener el deterioro ambiental; todo cobijado por la iniciativa de la ONU, el resultado son muchos discursos, muchas promesas, algunos documentos declaratorios promovidos por todo el mudo; y al final una realidad que nos dice que detener la degradaci\u00f3n de la tierra es casi imposible porque choca con los intereses de las grandes empresas; la muestra es el mercado automotriz, donde se incrementa cada vez m\u00e1s la producci\u00f3n de carros, pero sobre todo, donde queda claro que si no se venden muchas unidades cada a\u00f1o, la industria no funciona bien; si no se consigue el margen de ganancia que esperan los accionistas, de inmediato se impacta en el mercado financiero.<\/strong><\/p>\n\n\n\n<p><strong><em>\u00a1A qui\u00e9n carajos de ellos le importa la degradaci\u00f3n ambiental poblando cada vez m\u00e1s el mundo de coches de todo tipo!<\/em><\/strong><\/p>\n\n\n\n<p><strong>El reporte de la industria automotriz nos dice una verdad absolutamente grosera; se sigue alimentando el ego del ser humano con la idea de que no se tiene un coche no se es alguien; donde los modelos actuales son un estatus necesario y deseado; es la aspiraci\u00f3n incluso en muchas ocasiones por arriba de tener una casa.<\/strong><\/p>\n\n\n\n<p><strong><em>El reporte de la industria nos informa que este a\u00f1o pasado (2024) la producci\u00f3n fue de 92 millones 504 mil unidades entre veh\u00edculos ligeros y pesados: (David M\u00e1rquez Ayala; Reporte Econ\u00f3mico, Per. La Jornada, lunes 5 de mayo, 2025, pag.19).<\/em><\/strong><\/p>\n\n\n\n<p><strong>En el reporte hay un dejo de preocupaci\u00f3n&#8230; \u00a1la producci\u00f3n disminuy\u00f3 en un 1.1 por ciento en relaci\u00f3n a 2023! como si fuera terrible para el mundo; cuando debiera ser un alivio para la salud de la tierra.<\/strong><\/p>\n\n\n\n<p><strong><em>Claro, se piensa en lo que se deja de ganar, por encima de lo que se deja de contaminar.<\/em><\/strong><\/p>\n\n\n\n<p><strong>Piense usted lo que significa producir casi 100 millones de carros cada a\u00f1o, asumiendo que se tienen que vender todos, al precio de mercado, o castigados en precio seg\u00fan la necesidad de cada empresa; cada a\u00f1o entre 94 y 100 millones de nuevas unidades de contaminaci\u00f3n; mientras se festeja en la industria los \u00e9xitos y se molestan por no haber logrado un crecimiento esperado.<\/strong><\/p>\n\n\n\n<p style=\"font-size:25px\"><strong>\u00bfY la tierra&#8230;? Pues que se joda.<\/strong><\/p>\n\n\n\n<p><strong>En fin, esta es la realidad de hoy; peque\u00f1as cosas que hacen que la historia pareciera repetirse, pero con m\u00e1s violencia: un loco armado que desea el mundo en sus manos; un mercado voraz que genera instituciones que no hacen su trabajo; genocidas libres burl\u00e1ndose de la justicia y la esperanza de los ciudadanos casi inermes; y un mercado que manifiesta su apetito insaciable; o vendemos y ganamos m\u00e1s, o la tierra deja de ser un buen lugar para los negocios.<\/strong><\/p>\n\n\n\n<p><strong>Hoy la tierra pareciera ser un buen lugar para genocidas que se burlan y siguen asesinando alegremente, personajes grotescos que se sienten emperadores, due\u00f1os del mundo; y un mercado que no respeta instituciones financieras y orden de mercado; se gana mucho, o no se est\u00e1 por el camino correcto.<\/strong><\/p>\n\n\n\n<p><strong>Esto es el resultado del nuevo orden internacional establecido despu\u00e9s de la Segunda Guerra Mundial; Hitler sigue cosechando seguidores e imitadores por desgracia.<\/strong><\/p>\n\n\n\n<p><strong>Le abrazo&#8230;.<\/strong><\/p>\n\n\n\n<p><a href=\"https:\/\/www.facebook.com\/photo\/?fbid=977378997897266&amp;set=a.370963018538870&amp;__cft__[0]=AZUEIh_tEiAZdgQawN16Py9j5eeAxvAb1Y2drNJ_7ztYKuUxP7Sgu5q1G1-H2PEzzl6i6qr8oLsA9SSAUyzpUccLYYFKvYF4OxR5Kh8CmvyjKGOI2HnBycL90q1ohuLJah1ZZmnlCJp_QBY19s709y2F9_nzwuV6dwMdQSbxQKwqpqz40OrMspdELnKdDVfpV-Q&amp;__tn__=EH-R\"><\/a><\/p>\n","protected":false},"excerpt":{"rendered":"<p>LAS PEQUE\u00d1AS COSAS&#8230; LA MA\u00d1ANA QUE SONR\u00cdE &#8220;Apenas se asoma el aura, discreta, en silencio, \/ es la vida que despunta, se desliza quedo, \/ es el tiempo que se asoma, se anuncia lenta, \/ es la vida, sin duda, tus ojos la iluminan. \/ Es otro d\u00eda por andar, es lo \u00fanico cierto, \/ [&hellip;]<\/p>\n","protected":false},"author":2,"featured_media":20764,"comment_status":"open","ping_status":"open","sticky":false,"template":"","format":"standard","meta":{"footnotes":"","_rishi_post_view_count":405},"categories":[1],"tags":[],"class_list":["post-20763","post","type-post","status-publish","format-standard","has-post-thumbnail","hentry","category-opinion"],"comments_count":"0","_links":{"self":[{"href":"https:\/\/elpregonerodezamora.com\/index.php\/wp-json\/wp\/v2\/posts\/20763","targetHints":{"allow":["GET"]}}],"collection":[{"href":"https:\/\/elpregonerodezamora.com\/index.php\/wp-json\/wp\/v2\/posts"}],"about":[{"href":"https:\/\/elpregonerodezamora.com\/index.php\/wp-json\/wp\/v2\/types\/post"}],"author":[{"embeddable":true,"href":"https:\/\/elpregonerodezamora.com\/index.php\/wp-json\/wp\/v2\/users\/2"}],"replies":[{"embeddable":true,"href":"https:\/\/elpregonerodezamora.com\/index.php\/wp-json\/wp\/v2\/comments?post=20763"}],"version-history":[{"count":1,"href":"https:\/\/elpregonerodezamora.com\/index.php\/wp-json\/wp\/v2\/posts\/20763\/revisions"}],"predecessor-version":[{"id":20765,"href":"https:\/\/elpregonerodezamora.com\/index.php\/wp-json\/wp\/v2\/posts\/20763\/revisions\/20765"}],"wp:featuredmedia":[{"embeddable":true,"href":"https:\/\/elpregonerodezamora.com\/index.php\/wp-json\/wp\/v2\/media\/20764"}],"wp:attachment":[{"href":"https:\/\/elpregonerodezamora.com\/index.php\/wp-json\/wp\/v2\/media?parent=20763"}],"wp:term":[{"taxonomy":"category","embeddable":true,"href":"https:\/\/elpregonerodezamora.com\/index.php\/wp-json\/wp\/v2\/categories?post=20763"},{"taxonomy":"post_tag","embeddable":true,"href":"https:\/\/elpregonerodezamora.com\/index.php\/wp-json\/wp\/v2\/tags?post=20763"}],"curies":[{"name":"wp","href":"https:\/\/api.w.org\/{rel}","templated":true}]}}