{"id":20729,"date":"2025-05-05T01:49:46","date_gmt":"2025-05-05T01:49:46","guid":{"rendered":"https:\/\/elpregonerodezamora.com\/?p=20729"},"modified":"2025-05-05T01:49:47","modified_gmt":"2025-05-05T01:49:47","slug":"realizan-en-zamora-dialogo-sobre-las-elecciones-de-jueces-y-magistrados","status":"publish","type":"post","link":"https:\/\/elpregonerodezamora.com\/index.php\/2025\/05\/05\/realizan-en-zamora-dialogo-sobre-las-elecciones-de-jueces-y-magistrados\/","title":{"rendered":"REALIZAN EN ZAMORA DI\u00c1LOGO SOBRE LAS ELECCIONES DE JUECES Y MAGISTRADOS."},"content":{"rendered":"\n<p>Redacci\u00f3n \/ El Pregonero TV<\/p>\n\n\n\n<p>Este d\u00eda se llev\u00f3 a cabo un enriquecedor espacio de di\u00e1logo ciudadano donde se abord\u00f3 uno de los temas clave para el presente y futuro democr\u00e1tico de M\u00e9xico: la elecci\u00f3n de jueces, magistradas y ministros del Poder Judicial mediante el voto popular.<\/p>\n\n\n\n<p>En este encuentro, contamos con la participaci\u00f3n del Senador Ra\u00fal Mor\u00f3n Orozco, quien comparti\u00f3 su visi\u00f3n sobre la importancia de que la ciudadan\u00eda elija directamente a quienes imparten justicia, como una forma de dar mayor legitimidad, transparencia y cercan\u00eda a una de las instituciones m\u00e1s importantes del pa\u00eds.<\/p>\n\n\n\n<p>Durante la charla se destac\u00f3 que permitir al pueblo incidir en las estructuras judiciales representa un paso firme hacia una democracia m\u00e1s robusta. Estos di\u00e1logos se llevan acabo con el \u00fanico prop\u00f3sito de fortalecer el Estado de derecho y garantizar que la justicia se ejerza en beneficio de todos.<\/p>\n\n\n\n<p>\u201cEl solo hecho de participar en estos procesos, de ejercer el derecho de decidir qui\u00e9nes ocupar\u00e1n estos cargos tan relevantes, ya es en s\u00ed un acto que consolida nuestra democracia. Elegir a nuestros jueces no es una concesi\u00f3n, es un derecho ciudadano que debemos ejercer con responsabilidad y visi\u00f3n de futuro.\u201d (Opini\u00f3n News)<\/p>\n\n\n\n<figure class=\"wp-block-embed\"><div class=\"wp-block-embed__wrapper\">\nhttps:\/\/elpregonerodezamora.com\n<\/div><\/figure>\n","protected":false},"excerpt":{"rendered":"<p>Redacci\u00f3n \/ El Pregonero TV Este d\u00eda se llev\u00f3 a cabo un enriquecedor espacio de di\u00e1logo ciudadano donde se abord\u00f3 uno de los temas clave para el presente y futuro democr\u00e1tico de M\u00e9xico: la elecci\u00f3n de jueces, magistradas y ministros del Poder Judicial mediante el voto popular. En este encuentro, contamos con la participaci\u00f3n del [&hellip;]<\/p>\n","protected":false},"author":2,"featured_media":20730,"comment_status":"open","ping_status":"open","sticky":false,"template":"","format":"standard","meta":{"footnotes":"","_rishi_post_view_count":367},"categories":[197],"tags":[],"class_list":["post-20729","post","type-post","status-publish","format-standard","has-post-thumbnail","hentry","category-politica"],"comments_count":"0","_links":{"self":[{"href":"https:\/\/elpregonerodezamora.com\/index.php\/wp-json\/wp\/v2\/posts\/20729","targetHints":{"allow":["GET"]}}],"collection":[{"href":"https:\/\/elpregonerodezamora.com\/index.php\/wp-json\/wp\/v2\/posts"}],"about":[{"href":"https:\/\/elpregonerodezamora.com\/index.php\/wp-json\/wp\/v2\/types\/post"}],"author":[{"embeddable":true,"href":"https:\/\/elpregonerodezamora.com\/index.php\/wp-json\/wp\/v2\/users\/2"}],"replies":[{"embeddable":true,"href":"https:\/\/elpregonerodezamora.com\/index.php\/wp-json\/wp\/v2\/comments?post=20729"}],"version-history":[{"count":1,"href":"https:\/\/elpregonerodezamora.com\/index.php\/wp-json\/wp\/v2\/posts\/20729\/revisions"}],"predecessor-version":[{"id":20731,"href":"https:\/\/elpregonerodezamora.com\/index.php\/wp-json\/wp\/v2\/posts\/20729\/revisions\/20731"}],"wp:featuredmedia":[{"embeddable":true,"href":"https:\/\/elpregonerodezamora.com\/index.php\/wp-json\/wp\/v2\/media\/20730"}],"wp:attachment":[{"href":"https:\/\/elpregonerodezamora.com\/index.php\/wp-json\/wp\/v2\/media?parent=20729"}],"wp:term":[{"taxonomy":"category","embeddable":true,"href":"https:\/\/elpregonerodezamora.com\/index.php\/wp-json\/wp\/v2\/categories?post=20729"},{"taxonomy":"post_tag","embeddable":true,"href":"https:\/\/elpregonerodezamora.com\/index.php\/wp-json\/wp\/v2\/tags?post=20729"}],"curies":[{"name":"wp","href":"https:\/\/api.w.org\/{rel}","templated":true}]}}