{"id":20680,"date":"2025-05-03T01:10:51","date_gmt":"2025-05-03T01:10:51","guid":{"rendered":"https:\/\/elpregonerodezamora.com\/?p=20680"},"modified":"2025-05-03T01:10:51","modified_gmt":"2025-05-03T01:10:51","slug":"el-papa-francisco-y-el-arte-de-liderar-con-coraje-el-poder-del-liderazgo-incomodo","status":"publish","type":"post","link":"https:\/\/elpregonerodezamora.com\/index.php\/2025\/05\/03\/el-papa-francisco-y-el-arte-de-liderar-con-coraje-el-poder-del-liderazgo-incomodo\/","title":{"rendered":"El Papa Francisco y el arte de liderar con coraje: El poder del liderazgo inc\u00f3modo"},"content":{"rendered":"\n<ul class=\"wp-block-list\">\n<li>El 8 de noviembre de 2017, en una audiencia general en la Plaza de San Pedro, el Papa Francisco interrumpi\u00f3 su catequesis de forma inesperada. No fue para improvisar una broma ni para extender su saludo; fue para lanzar un reclamo silencioso, inc\u00f3modo, necesario.<\/li>\n<\/ul>\n\n\n\n<p>El Vaticano, 2\/mayo\/2025.- La plaza estaba llena. Miles de fieles. El bullicio de siempre: c\u00e1maras, celulares en alto, flashes, selfies. Parec\u00eda m\u00e1s un concierto que una audiencia espiritual. Francisco subi\u00f3 al estrado con su caminar pausado y su sonrisa habitual. Pero al llegar al micr\u00f3fono, su expresi\u00f3n cambi\u00f3.<\/p>\n\n\n\n<p>Se detuvo. Mir\u00f3 alrededor. Respir\u00f3 hondo y sin levantar la voz, dispar\u00f3 una frase que congel\u00f3 la plaza entera: \u201cEl Se\u00f1or dice: \u00a1levantemos el coraz\u00f3n! No dice levantemos los tel\u00e9fonos m\u00f3viles para tomar fotos\u201d.<\/p>\n\n\n\n<p>La Plaza se qued\u00f3 en silencio. Lo que parec\u00eda inofensivo -capturar un momento con un celular- se revel\u00f3 como una distracci\u00f3n de lo que verdaderamente importaba.<\/p>\n\n\n\n<p>Francisco no reprendi\u00f3 con enojo; lo hizo con esa autoridad que no necesita elevar el tono para ser sentida.<\/p>\n\n\n\n<p>Me da tristeza ver tantos celulares en alto durante la Misa. No s\u00f3lo entre los fieles\u2026 tambi\u00e9n entre sacerdotes y obispos\u201d.<\/p>\n\n\n\n<p>Ese d\u00eda, Francisco record\u00f3 que liderar no siempre es complacer. A veces es detener la fiesta para recordar la esencia.<\/p>\n\n\n\n<p>Francisco no fue popular porque buscara serlo. Fue popular porque, a\u00fan acerc\u00e1ndose al pueblo, nunca sacrific\u00f3 sus principios. Y su estilo de liderazgo nos deja tres lecciones esenciales que hoy m\u00e1s que nunca necesitamos entender:<\/p>\n\n\n\n<ol class=\"wp-block-list\">\n<li>El liderazgo real empieza por incomodarse a uno mismo. Antes de incomodar al mundo, Francisco se incomod\u00f3 a s\u00ed mismo. Dej\u00f3 el Palacio Apost\u00f3lico, rechaz\u00f3 comodidades, eligi\u00f3 una vida m\u00e1s austera en Santa Marta. No era un gesto de marketing. Era una elecci\u00f3n deliberada para recordar cada d\u00eda que el poder espiritual no puede nublarse con privilegios terrenales. Nos ense\u00f1\u00f3 que un l\u00edder que no se incomoda a s\u00ed mismo primero, no tiene autoridad moral para incomodar a otros.<\/li>\n<\/ol>\n\n\n\n<p>\u201cEl primer liderazgo inc\u00f3modo es el que ejerces sobre tus propios h\u00e1bitos.\u201d<\/p>\n\n\n\n<ol start=\"2\" class=\"wp-block-list\">\n<li>Un verdadero l\u00edder incomoda lo establecido, pero con respeto. Francisco entendi\u00f3 que algunas estructuras, aunque sagradas en apariencia, se hab\u00edan vuelto barreras m\u00e1s que puentes. Y con firmeza, pero sin estridencias, trabaj\u00f3 para abrir caminos. No para destruir, sino para depurar. No para dividir, sino para recordar que la tradici\u00f3n es un faro, no un ancla.<\/li>\n<\/ol>\n\n\n\n<p>\u00a1Vamos! Incomod\u00f3 lo necesario. Sin faltar al respeto. Sin romper por romper. Fuego que ilumina, no fuego que quema.<\/p>\n\n\n\n<p>Un l\u00edder inc\u00f3modo no destruye lo que existe: lo purifica para que vuelva a tener sentido.\u201d<\/p>\n\n\n\n<ol start=\"3\" class=\"wp-block-list\">\n<li>Liderar no es bajar el nivel para agradar, es sostenerlo para inspirar. Francisco no sacrific\u00f3 la exigencia en nombre de la simpat\u00eda. Cada vez que el entorno empujaba hacia la facilidad, \u00e9l recordaba: el liderazgo no se gana por aplausos. Se gana por coherencia. Por sostener el est\u00e1ndar cuando es m\u00e1s tentador relajarlo. As\u00ed como ese d\u00eda en la Plaza fren\u00f3 a toda una generaci\u00f3n hambrienta de im\u00e1genes para recordarle que lo m\u00e1s importante no era la foto, sino el encuentro, los verdaderos l\u00edderes no bajan sus principios para ser populares. Los elevan para que otros aspiren a algo m\u00e1s alto.<\/li>\n<\/ol>\n\n\n\n<p>\u201cLa popularidad es pasajera. La coherencia es el \u00fanico legado que dura.\u201d<\/p>\n\n\n\n<p>El mayor aprendizaje de liderazgo que me llevo del papa Francisco es que \u201cun l\u00edder inc\u00f3modo no busca ser aceptado. Busca ser recordado por lo que ayud\u00f3 a transformar\u201d.<\/p>\n\n\n\n<p>Hoy m\u00e1s que nunca necesitamos l\u00edderes as\u00ed. L\u00edderes que se incomoden primero, que no teman tocar lo establecido con respeto, pero tambi\u00e9n con valent\u00eda; que prefieran la transformaci\u00f3n aut\u00e9ntica, aunque el aplauso sea m\u00e1s lento en llegar.<\/p>\n\n\n\n<p>Soy Mario Elsner, y creo que el liderazgo verdadero no se mide por cu\u00e1ntos te siguen sonriendo, sino por cu\u00e1ntos crecieron gracias a las incomodidades que tuviste el coraje de provocar.<\/p>\n\n\n\n<figure class=\"wp-block-embed\"><div class=\"wp-block-embed__wrapper\">\nhttps:\/\/elpregonerodezamora.com\n<\/div><\/figure>\n","protected":false},"excerpt":{"rendered":"<p>El Vaticano, 2\/mayo\/2025.- La plaza estaba llena. Miles de fieles. El bullicio de siempre: c\u00e1maras, celulares en alto, flashes, selfies. Parec\u00eda m\u00e1s un concierto que una audiencia espiritual. Francisco subi\u00f3 al estrado con su caminar pausado y su sonrisa habitual. Pero al llegar al micr\u00f3fono, su expresi\u00f3n cambi\u00f3. Se detuvo. Mir\u00f3 alrededor. Respir\u00f3 hondo y [&hellip;]<\/p>\n","protected":false},"author":2,"featured_media":20681,"comment_status":"open","ping_status":"open","sticky":false,"template":"","format":"standard","meta":{"footnotes":"","_rishi_post_view_count":448},"categories":[1],"tags":[],"class_list":["post-20680","post","type-post","status-publish","format-standard","has-post-thumbnail","hentry","category-opinion"],"comments_count":"0","_links":{"self":[{"href":"https:\/\/elpregonerodezamora.com\/index.php\/wp-json\/wp\/v2\/posts\/20680","targetHints":{"allow":["GET"]}}],"collection":[{"href":"https:\/\/elpregonerodezamora.com\/index.php\/wp-json\/wp\/v2\/posts"}],"about":[{"href":"https:\/\/elpregonerodezamora.com\/index.php\/wp-json\/wp\/v2\/types\/post"}],"author":[{"embeddable":true,"href":"https:\/\/elpregonerodezamora.com\/index.php\/wp-json\/wp\/v2\/users\/2"}],"replies":[{"embeddable":true,"href":"https:\/\/elpregonerodezamora.com\/index.php\/wp-json\/wp\/v2\/comments?post=20680"}],"version-history":[{"count":1,"href":"https:\/\/elpregonerodezamora.com\/index.php\/wp-json\/wp\/v2\/posts\/20680\/revisions"}],"predecessor-version":[{"id":20682,"href":"https:\/\/elpregonerodezamora.com\/index.php\/wp-json\/wp\/v2\/posts\/20680\/revisions\/20682"}],"wp:featuredmedia":[{"embeddable":true,"href":"https:\/\/elpregonerodezamora.com\/index.php\/wp-json\/wp\/v2\/media\/20681"}],"wp:attachment":[{"href":"https:\/\/elpregonerodezamora.com\/index.php\/wp-json\/wp\/v2\/media?parent=20680"}],"wp:term":[{"taxonomy":"category","embeddable":true,"href":"https:\/\/elpregonerodezamora.com\/index.php\/wp-json\/wp\/v2\/categories?post=20680"},{"taxonomy":"post_tag","embeddable":true,"href":"https:\/\/elpregonerodezamora.com\/index.php\/wp-json\/wp\/v2\/tags?post=20680"}],"curies":[{"name":"wp","href":"https:\/\/api.w.org\/{rel}","templated":true}]}}