{"id":20673,"date":"2025-05-03T01:01:18","date_gmt":"2025-05-03T01:01:18","guid":{"rendered":"https:\/\/elpregonerodezamora.com\/?p=20673"},"modified":"2025-05-03T01:01:18","modified_gmt":"2025-05-03T01:01:18","slug":"nutrida-audiencia-en-la-presentacion-de-la-obra-el-principito","status":"publish","type":"post","link":"https:\/\/elpregonerodezamora.com\/index.php\/2025\/05\/03\/nutrida-audiencia-en-la-presentacion-de-la-obra-el-principito\/","title":{"rendered":"NUTRIDA AUDIENCIA EN LA PRESENTACI\u00d3N DE LA OBRA &#8220;EL PRINCIPITO&#8221;"},"content":{"rendered":"\n<p>Redacci\u00f3n \/El Pregonero TV<\/p>\n\n\n\n<p>Jacona, 2\/Mayo\/2025.- Exitosa presentaci\u00f3n de la obra de teatro \u201cEl Principito\u201d, evento que tuvo lugar en la plaza principal, organizado por el Gobierno de Jacona a trav\u00e9s de la Direcci\u00f3n de Educaci\u00f3n, Cultura y Turismo en coordinaci\u00f3n con el Gobierno de Michoac\u00e1n y la compa\u00f1\u00eda de teatro \u201cVoces en el Viento\u201d; para promover eventos culturales y fortalecer la sana convivencia social.<\/p>\n\n\n\n<h1 class=\"wp-block-heading\">ContinuanLosLogrosEnJacona<\/h1>\n\n\n\n<figure class=\"wp-block-embed\"><div class=\"wp-block-embed__wrapper\">\nhttps:\/\/elpregonerodezamora.com\n<\/div><\/figure>\n","protected":false},"excerpt":{"rendered":"<p>Redacci\u00f3n \/El Pregonero TV Jacona, 2\/Mayo\/2025.- Exitosa presentaci\u00f3n de la obra de teatro \u201cEl Principito\u201d, evento que tuvo lugar en la plaza principal, organizado por el Gobierno de Jacona a trav\u00e9s de la Direcci\u00f3n de Educaci\u00f3n, Cultura y Turismo en coordinaci\u00f3n con el Gobierno de Michoac\u00e1n y la compa\u00f1\u00eda de teatro \u201cVoces en el Viento\u201d; [&hellip;]<\/p>\n","protected":false},"author":2,"featured_media":20674,"comment_status":"open","ping_status":"open","sticky":false,"template":"","format":"standard","meta":{"footnotes":"","_rishi_post_view_count":404},"categories":[1],"tags":[],"class_list":["post-20673","post","type-post","status-publish","format-standard","has-post-thumbnail","hentry","category-opinion"],"comments_count":"0","_links":{"self":[{"href":"https:\/\/elpregonerodezamora.com\/index.php\/wp-json\/wp\/v2\/posts\/20673","targetHints":{"allow":["GET"]}}],"collection":[{"href":"https:\/\/elpregonerodezamora.com\/index.php\/wp-json\/wp\/v2\/posts"}],"about":[{"href":"https:\/\/elpregonerodezamora.com\/index.php\/wp-json\/wp\/v2\/types\/post"}],"author":[{"embeddable":true,"href":"https:\/\/elpregonerodezamora.com\/index.php\/wp-json\/wp\/v2\/users\/2"}],"replies":[{"embeddable":true,"href":"https:\/\/elpregonerodezamora.com\/index.php\/wp-json\/wp\/v2\/comments?post=20673"}],"version-history":[{"count":1,"href":"https:\/\/elpregonerodezamora.com\/index.php\/wp-json\/wp\/v2\/posts\/20673\/revisions"}],"predecessor-version":[{"id":20675,"href":"https:\/\/elpregonerodezamora.com\/index.php\/wp-json\/wp\/v2\/posts\/20673\/revisions\/20675"}],"wp:featuredmedia":[{"embeddable":true,"href":"https:\/\/elpregonerodezamora.com\/index.php\/wp-json\/wp\/v2\/media\/20674"}],"wp:attachment":[{"href":"https:\/\/elpregonerodezamora.com\/index.php\/wp-json\/wp\/v2\/media?parent=20673"}],"wp:term":[{"taxonomy":"category","embeddable":true,"href":"https:\/\/elpregonerodezamora.com\/index.php\/wp-json\/wp\/v2\/categories?post=20673"},{"taxonomy":"post_tag","embeddable":true,"href":"https:\/\/elpregonerodezamora.com\/index.php\/wp-json\/wp\/v2\/tags?post=20673"}],"curies":[{"name":"wp","href":"https:\/\/api.w.org\/{rel}","templated":true}]}}