{"id":10670,"date":"2025-03-04T18:25:17","date_gmt":"2025-03-04T18:25:17","guid":{"rendered":"https:\/\/elpregonerodezamora.com\/?p=10670"},"modified":"2025-03-04T18:25:17","modified_gmt":"2025-03-04T18:25:17","slug":"trump-y-la-pasion-por-la-guerra","status":"publish","type":"post","link":"https:\/\/elpregonerodezamora.com\/index.php\/2025\/03\/04\/trump-y-la-pasion-por-la-guerra\/","title":{"rendered":"TRUMP Y LA PASI\u00d3N POR LA GUERRA"},"content":{"rendered":"\n<p style=\"font-size:35px\"><strong>LAS PEQUE\u00d1AS COSAS&#8230;<\/strong><\/p>\n\n\n\n<p><strong>Eliseo Castillo<\/strong><\/p>\n\n\n\n<p><\/p>\n\n\n\n<p>                                                    <strong>NUNCA UN PASADO<\/strong><\/p>\n\n\n\n<p class=\"has-text-align-right\"><strong><em>&#8220;Ser\u00e1s el tiempo que pasa y no corre, \/ sellado con pasi\u00f3n, con ansia, &#8220;momento tierno, \/ cada palabra, cada murmullo, cual suave arrullo, \/ nunca recuerdo ido, ser\u00e1s, nunca olvido, \/ amor de entonces, de hoy cari\u00f1o; \/ ser\u00e1s nostalgia de la distancia y esperanza, \/ nunca, jam\u00e1s olvido&#8221;&#8230;el\u00edseo<\/em><\/strong><\/p>\n\n\n\n<p><strong>Lo que vemos y padecemos del presiente Trump, no es algo lleno de ocurrencias y malos momentos; asistimos a constatar lo que ya sab\u00edamos y neg\u00e1bamos de alguna forma; es el cl\u00e1sico racista, clasista, adorador de las ideas supremacistas hitlerianas, que usa sistem\u00e1ticamente para amedrentar a quien considera inferior a \u00e9l.<\/strong><\/p>\n\n\n\n<p><strong>Hitler lo hizo de la misma forma; nunca enfrent\u00f3 a alguien de su estatura; siempre busc\u00f3 abusar de los m\u00e1s d\u00e9biles; mientras que con los fuertes, primero estableci\u00f3 convenios de no agresi\u00f3n, luego los traicion\u00f3; as\u00ed lo hizo con Polonia, y Checoslovaquia; luego los invadi\u00f3&#8230;; pact\u00f3 con Stalin, l\u00edder de la Uni\u00f3n Sovi\u00e9tica&#8230;; luego la invadi\u00f3; a Francia la enga\u00f1\u00f3, y al d\u00eda siguiente invadi\u00f3 su capital Par\u00eds.<\/strong><\/p>\n\n\n\n<p><strong>El odio contra los &#8220;otros&#8221;, los que no representaban a la raza Aria blanca y poderosa le significaban decadencia; personas que no merec\u00edan m\u00e1s que ser sometidos, controlados o de plano exterminados.<\/strong><\/p>\n\n\n\n<p><strong>Para Hitler, los no Arios ya nac\u00edan con desventajas; decidi\u00f3 que los gitanos era una plaga, y mand\u00f3 matar miles de estos; que los homosexuales eran personas enfermas; y mand\u00f3 matarles; que los discapacitados eran una carga evitable&#8230;, mat\u00e1ndolos; que los jud\u00edos afectaban el rumbo de la econom\u00eda; mando quitarles sus bienes, encerrarlos y matarlos; claro; su asesor y promotor ideol\u00f3gico Joseph Goebbels promovi\u00f3 el exterminio de los jud\u00edos, menos a su querida amante&#8230; \u00a1jud\u00eda!.<\/strong><\/p>\n\n\n\n<p><strong>Quiz\u00e1 el momento fundacional del nuevo mundo se establece al crear el &#8220;laboratorio de los sementales&#8221;; en el que el loco mani\u00e1tico austroalem\u00e1n decide que las mujeres ser\u00e1n apareadas \u00fanicamente con los sementales humanos seleccionados para tal caso; de esta forma dejar\u00edan de nacer tanta gente chaparra, morena, y a sus ojos degradante de la raza humana que tanto anhelaba; hace un par de mese en los medios de comunicaci\u00f3n alemanes fue presentado uno de aquellos ni\u00f1os del laboratorio; hoy tiene unos 80 a\u00f1os de edad.<\/strong><\/p>\n\n\n\n<p><strong>As\u00ed fue de grosera la realidad hace ochenta a\u00f1os; hoy asistimos nuevamente a otro episodio de un desquiciado de poder que pretende incrementar esta propuesta para la humanidad.<\/strong><\/p>\n\n\n\n<p><strong>La invasi\u00f3n a Ucrania fue un proceso totalmente armado desde Estados Unidos; eso cualquier historiador serio lo sabe; fue un proceso de asedio contra la frontera de protecci\u00f3n rusa; la invasi\u00f3n fue una respuesta de Putin a una agresi\u00f3n sistem\u00e1tica de Estados Unidos por medio de la OTAN; hoy se quiere cambiar la versi\u00f3n se\u00f1alando que los Estados Unidos simplemente ya se enfadaron de ayudar a los ucranianos&#8230;, cuando ellos los echaron a una guerra de geoestrategia que, a todas luces afectaba a Rusia.<\/strong><\/p>\n\n\n\n<p><strong>Trump est\u00e1 culpando a los dem\u00e1s de desatar la Tercera Guerra Mundial; concretamente a Zelensky culpa de no ofrecer un plan, que incluya el control de sus recursos naturales para seguir prest\u00e1ndole dinero y armas; lo que hay detr\u00e1s de todo esto es la cl\u00e1sica relaci\u00f3n entre desiguales; jam\u00e1s la zorra fue buen guardi\u00e1n del gallinero; nunca lo cuid\u00f3; lo administr\u00f3, para ir comiendo gallinas seg\u00fan fuera su apetito.<\/strong><\/p>\n\n\n\n<p><strong>Trump act\u00faa como lobo del mundo, al que ve como una gran manada de ovejas que controla para ir comiendo con el tiempo; su enfermedad de poder le hace pensar que puede emular a Napole\u00f3n, por eso se ha colocado una corona, se ha tomado una selfie y la ha distribuido por el mundo a trav\u00e9s de sus redes sociales; recordemos que el franc\u00e9s -corso no acept\u00f3 que el Papa lo coronara, como era la tradici\u00f3n de los reyes de Europa, \u00e9l se coron\u00f3 con sus propias manos, ante los ojos derrotados del Papa&#8230;:<\/strong><\/p>\n\n\n\n<p style=\"font-size:25px\"><strong><em>Napole\u00f3n emperador&#8230;; Trump su adorador<\/em><\/strong>&#8230;<\/p>\n\n\n\n<p><strong>Hoy esta mezcla de Hitler-Napole\u00f3n, tirano, ex-socio (no estoy tan seguro de que ya no lo sea) de la mafia neoyorkina; regenteador de burdeles, cual vil padrote de barrio, ha decidido que el mundo ya no debe ser lugar para personas que no sean como \u00e9l sus socios.<\/strong><\/p>\n\n\n\n<p><strong>Por lo pronto ha roto el tratado de libre comercio firmado por \u00e9l mismo con Canad\u00e1 y M\u00e9xico; ha decidido que estos no act\u00faan como necesita, su decisi\u00f3n es destruir el tratado y castigar a los gobiernos de estos dos pa\u00edses.<\/strong><\/p>\n\n\n\n<p><strong>Ante su fracaso como gobierno administrador de la sociedad, decide que la culpa la tienen sus vecinos que le proveen de mercanc\u00edas inapropiadas a precios por debajo de lo que deben ser.<\/strong><\/p>\n\n\n\n<p><strong>Desde luego, con esto va a desatar una burbuja especulativa e inflacionaria que va a afectar a los consumidores de los tres pa\u00edses. Tanto ellos, como sus vecinos, Canad\u00e1 y M\u00e9xico tendr\u00e1n problemas de competitividad, mismos que van a repercutir en el precio del producto final, gener\u00e1ndole una carest\u00eda a los consumidores de toda la regi\u00f3n.<\/strong><\/p>\n\n\n\n<p><strong>Tanto el gobierno de Canad\u00e1, como el mexicano pueden responder con pol\u00edticas espejo; al final el resultado ser\u00e1 afectar cada vez m\u00e1s al consumidor; los empresarios grandes normalmente no pierden, terminan por incorporar a sus costos este tipo de impuesto que Trump ha decidido imponer; siempre cuenta con esta defensa; el consumidor s\u00f3lo tiene dos opciones&#8230;, lo compra o no; eso es todo.<\/strong><\/p>\n\n\n\n<p><strong>Otro efecto penoso y negativo es la burbuja especulativa e inflacionaria; empresas como Coca cola lo primero que hace es subir sus precios; las grandes fundidoras de acero igual incrementan sus precios de la varilla, alambr\u00f3n, y todo lo que incrementa el costo de la construcci\u00f3n; ante este panorama, regularmente las constructoras aceleran las compras de p\u00e1nico de materiales que encarecen la industria de la construcci\u00f3n; anex\u00e1ndole el costo de la inflaci\u00f3n al consumidor final de refrescos, alimentos procesados y de habitaci\u00f3n.<\/strong><\/p>\n\n\n\n<p><strong>Trump tiene la convicci\u00f3n de que los contratos se hicieron para ser violados seg\u00fan su necesidad e inter\u00e9s; es lo que hace a partir de hoy martes 4 de marzo&#8230;; viola lo que \u00e9l mismo firm\u00f3.<\/strong><\/p>\n\n\n\n<p><strong>La presidenta Claudia cita a la plaza p\u00fablica el domingo 9 de marzo para informar lo ya sabido; el maniaco del norte ha violado la buen vecindad; la reacci\u00f3n puede ser fuerte o fr\u00e1gil; al final siempre ser\u00e1 d\u00e9bil ante un contendiente superior en toda la l\u00ednea; la historia narra tres invasiones de Estados Unidos contra M\u00e9xico; y en ellas perdimos m\u00e1s de la mitad del territorio; hoy la capacidad de manobra es reducida. Este tipo se brinca leyes, las viola y luego las reescribe; es el talante de los canallas armados con el un poder muy peligroso.<\/strong><\/p>\n\n\n\n<p><strong>Para regocijo de la derecha mexicana del PAN y el PRI, para regocijo de la iglesia cat\u00f3lica; no olvidemos cu\u00e1ntos sermones han vertido en los templos a lo largo del pa\u00eds en contra de la presidenta desde que era candidata; recordemos los videos en que se promov\u00eda a votar en contra de la &#8220;jud\u00eda comunista&#8221;, as\u00ed la calificaban los sacerdotes y la candidata del PAN_PRI_PRD.<\/strong><\/p>\n\n\n\n<p><strong><em>Hoy tienen mucho que festejar.<\/em><\/strong><\/p>\n\n\n\n<p><strong>Miram\u00f3n fue el militar a los pies de Maximiliano contra la rep\u00fablica juarista; hoy tienen otro nombre&#8230;, con las mismas ma\u00f1as; a\u00f1oran que nos invadan&#8230;; ingenuos suponen que as\u00ed podr\u00e1n gobernar el pa\u00eds ellos.<\/strong><\/p>\n\n\n\n<p style=\"font-size:25px\"><strong>Le abrazo&#8230;<\/strong><\/p>\n\n\n\n<p><a href=\"https:\/\/www.facebook.com\/photo\/?fbid=931195735848926&amp;set=a.370963018538870&amp;__cft__[0]=AZW0y_O9lF_ozRGN2B6k_HpS6YFZh-Ij45Dph47NUJ4jQafqL9NeTlrwD2DTuydexjHKn199ULbIQeP_dj1nAyLTV_zGiASeT8DUe-vaQn0VK9RMvWXzLGIPyAqfR8QEfdpUtKZS6pJNIODv7jKPZdfTk4cOp9XalntSH4usV0cTx2FUV-wVD-mIw-JvDf3ii18&amp;__tn__=EH-R\"><\/a><\/p>\n","protected":false},"excerpt":{"rendered":"<p>LAS PEQUE\u00d1AS COSAS&#8230; Eliseo Castillo NUNCA UN PASADO &#8220;Ser\u00e1s el tiempo que pasa y no corre, \/ sellado con pasi\u00f3n, con ansia, &#8220;momento tierno, \/ cada palabra, cada murmullo, cual suave arrullo, \/ nunca recuerdo ido, ser\u00e1s, nunca olvido, \/ amor de entonces, de hoy cari\u00f1o; \/ ser\u00e1s nostalgia de la distancia y esperanza, \/ [&hellip;]<\/p>\n","protected":false},"author":2,"featured_media":10671,"comment_status":"open","ping_status":"open","sticky":false,"template":"","format":"standard","meta":{"footnotes":"","_rishi_post_view_count":484},"categories":[1],"tags":[],"class_list":["post-10670","post","type-post","status-publish","format-standard","has-post-thumbnail","hentry","category-opinion"],"comments_count":"0","_links":{"self":[{"href":"https:\/\/elpregonerodezamora.com\/index.php\/wp-json\/wp\/v2\/posts\/10670","targetHints":{"allow":["GET"]}}],"collection":[{"href":"https:\/\/elpregonerodezamora.com\/index.php\/wp-json\/wp\/v2\/posts"}],"about":[{"href":"https:\/\/elpregonerodezamora.com\/index.php\/wp-json\/wp\/v2\/types\/post"}],"author":[{"embeddable":true,"href":"https:\/\/elpregonerodezamora.com\/index.php\/wp-json\/wp\/v2\/users\/2"}],"replies":[{"embeddable":true,"href":"https:\/\/elpregonerodezamora.com\/index.php\/wp-json\/wp\/v2\/comments?post=10670"}],"version-history":[{"count":1,"href":"https:\/\/elpregonerodezamora.com\/index.php\/wp-json\/wp\/v2\/posts\/10670\/revisions"}],"predecessor-version":[{"id":10672,"href":"https:\/\/elpregonerodezamora.com\/index.php\/wp-json\/wp\/v2\/posts\/10670\/revisions\/10672"}],"wp:featuredmedia":[{"embeddable":true,"href":"https:\/\/elpregonerodezamora.com\/index.php\/wp-json\/wp\/v2\/media\/10671"}],"wp:attachment":[{"href":"https:\/\/elpregonerodezamora.com\/index.php\/wp-json\/wp\/v2\/media?parent=10670"}],"wp:term":[{"taxonomy":"category","embeddable":true,"href":"https:\/\/elpregonerodezamora.com\/index.php\/wp-json\/wp\/v2\/categories?post=10670"},{"taxonomy":"post_tag","embeddable":true,"href":"https:\/\/elpregonerodezamora.com\/index.php\/wp-json\/wp\/v2\/tags?post=10670"}],"curies":[{"name":"wp","href":"https:\/\/api.w.org\/{rel}","templated":true}]}}