{"id":10667,"date":"2025-03-03T20:05:35","date_gmt":"2025-03-03T20:05:35","guid":{"rendered":"https:\/\/elpregonerodezamora.com\/?p=10667"},"modified":"2025-03-03T20:05:36","modified_gmt":"2025-03-03T20:05:36","slug":"sin-canallas-no-hay-violencia-y-negocio","status":"publish","type":"post","link":"https:\/\/elpregonerodezamora.com\/index.php\/2025\/03\/03\/sin-canallas-no-hay-violencia-y-negocio\/","title":{"rendered":"SIN CANALLAS NO HAY VIOLENCIA Y NEGOCIO"},"content":{"rendered":"\n<p style=\"font-size:35px\"><strong>LA ECONOM\u00cdA Y USTED&#8230;<\/strong><\/p>\n\n\n\n<p><strong>Eliseo Castillo<\/strong><\/p>\n\n\n\n<p><\/p>\n\n\n\n<p>                                               <strong>BRAZOS QUE ABRAZAN<\/strong><\/p>\n\n\n\n<p class=\"has-text-align-right\"><strong><em>&#8220;Por que los tiempos que pasan se conjugan, \/ se hacen canallas y diluyen la sonrisa, \/ tus manos que toman, tus brazos que alcanzan se bendicen, \/ sol de noche apenas me atrapan. \/ Tiempos de canallas despuntan la ma\u00f1ana, \/ largo d\u00eda para la arm\u00f3nica esperanza, \/ condena gris de la humana codicia aposentada; \/ tus brazos que abrazan, salvaci\u00f3n que lucha&#8221;&#8230;el\u00edseo<\/em><\/strong><\/p>\n\n\n\n<p><strong>Los canallas y la diplomacia&#8230;<\/strong><\/p>\n\n\n\n<p><strong>Donald Trump en otra de sus facetas grotescas de abuso contra las normas diplom\u00e1ticas y el respeto por las formas, ha humillado al l\u00edder ucraniano Zelenzky, una vez que lo atrajo con la zanahoria de la promesa de realizar un nuevo acto de apoyo ante la invasi\u00f3n rusa a su territorio.<\/strong><\/p>\n\n\n\n<p><strong>Si bien, ya se hab\u00eda presentado la informaci\u00f3n de que el infortunado l\u00edder europeo ir\u00eda a seguir con la negociaci\u00f3n con el gobierno norteamericano; mismo que; seg\u00fan cifras de Biden, alcanza una suma de unos 100 mil millones de d\u00f3lares; modificada por las declaraciones de Trump, quien sostiene que la cantidad alcanza m\u00e1s de 350 mil millones de d\u00f3lares.<\/strong><\/p>\n\n\n\n<p><strong>La manera en que fue humillado el presidente ucranio fue lo m\u00e1s bajo que se ha visto en la diplomacia internacional; tanto Trump como su vicepresidente actuaron como meros &#8220;cuatreros&#8221; tramposos de la pol\u00edtica internacional; y ense\u00f1aron el rencor y desprecio contra las personas cuando no se parecen a ellos.<\/strong><\/p>\n\n\n\n<p><strong><em>Peor que un perro apaleado, as\u00ed se le vio al pobre mandatario ucraniano ante un par de personajes nefastos, clasistas, c\u00ednicos que confunden la pr\u00e1ctica de poder, con el abuso desmedido del mismo.<\/em><\/strong><\/p>\n\n\n\n<p><strong>Si alguna vez Estados Unidos fue paradigma de la democracia internacional, al decir del franc\u00e9s Alexis de Tocqueville; hoy son una caricatura que le falta al respeto a su supuesta historia de democracia.<\/strong><\/p>\n\n\n\n<p><strong>Por cierto, curiosa forma de presumir una democracia, donde nunca un ciudadano promedio ha elegido a su presidente; siempre se elige de manera indirecta.<\/strong><\/p>\n\n\n\n<p><strong><em>As\u00ed son los tiempos de canallas de la pol\u00edtica internacional.<\/em><\/strong><\/p>\n\n\n\n<p style=\"font-size:25px\"><strong><em>Celebran que el Papa Francisco est\u00e1 muy grave&#8230;<\/em><\/strong><\/p>\n\n\n\n<p><strong>Gran parte de la iglesia cat\u00f3lica; sobre todo los millones de seguidores de la pol\u00edtica conservadora aplicada por Juan Pablo II; entre los que se distinguen los l\u00edderes de la iglesia cat\u00f3lica mexicana; quienes pertenecen al grupo opositor al actual Papa, y son f\u00e9rreos defensores de la iglesia conservadora muy hip\u00f3crita.<\/strong><\/p>\n\n\n\n<p><strong>Nunca soportaron ni aceptaron que el Papa Francisco reconociera que hay mucho &#8220;mariconeo&#8221; en los alumnos y sacerdotes; que hay muchas violaciones de infantes por parte de muchos sacerdotes ped\u00f3filos; mismos que fueron protegidos sistem\u00e1ticamente por el Papa Juan Pablo II; y entre ellos al tristemente c\u00e9lebre Marcial Maciel, demandado p\u00fablicamente por sus v\u00edctimas, que van desde sacerdotes (el exsacerdote Atie entre ellos); mujeres que fueron sus esposas, e hijos que, seg\u00fan ellas fueron violados por este personaje (confesado en vivo, en el programa de Carmen Aristegui, donde la se\u00f1ora acepto ser su esposa y madre de dos de sus hijos).<\/strong><\/p>\n\n\n\n<p><strong>La buena noticia para ellos, y el cardenal Rivera a la cabeza, es que el Papa Francisco est\u00e1 muy grave&#8230;; pareciera que sus oraciones est\u00e1n funcionando. El alto clero est\u00e1 firme en sus intereses; el bajo clero, seguramente que buena parte del mismo si reza por su salud.<\/strong><\/p>\n\n\n\n<p><strong><em>As\u00ed son estos tiempos&#8230;<\/em><\/strong><\/p>\n\n\n\n<p><strong>Cuando un pol\u00edtico trasmite sus traumas a la administraci\u00f3n p\u00fablica, pasa lo que pasa&#8230;<\/strong><\/p>\n\n\n\n<p><strong>Cuando Silvano Aureoles se encaminaba a la gubernatura de Michoac\u00e1n, en un momento de ingenuidad y honestidad confes\u00f3 su trauma que nunca ha resuelto&#8230;; se siente estigmatizado por ser hijo de una se\u00f1ora que lo pari\u00f3 sin el acompa\u00f1amiento de su padre; ya sabemos que ese tema se convirti\u00f3 en tab\u00fa para la sociedad, y pas\u00f3 a ser un trauma construido muy a prop\u00f3sito para marcar, diferenciar y humillar a algunas personas de car\u00e1cter d\u00e9bil; tal como se hizo por siglos que los registros de estos ni\u00f1os con la marca de &#8220;bastardos&#8221;; forma grotesca de ocultar la paternidad de algunos ni\u00f1os que al ser hijos de un hombre rico, regularmente se ocultaba esta paternidad buscando reducir a estos ni\u00f1os a un destino desigual y grosero de ni\u00f1os invasores de un espacio que no se les desea asignar&#8230;; son bastardos por que legal y socialmente se les marca como diferentes e inferiores; luego de suaviz\u00f3 el tema con la est\u00fapida marca de &#8220;naturales&#8221;; palabras imb\u00e9ciles para &#8220;\u00eddem&#8221;.<\/strong><\/p>\n\n\n\n<p><strong>Silvano se plant\u00f3 ante el micr\u00f3fono y retando a la audiencia, sabi\u00e9ndose poderoso en el momento espet\u00f3 ser hijo &#8220;natural&#8221;; visi\u00f3n pendeja para traumados; ya en la gubernatura se dio a la tarea de pagarse todos sus traumas con el uso del poder para servirse seg\u00fan sus necesidades emocionales.<\/strong><\/p>\n\n\n\n<p><strong>Como era un secreto a voces, se dedic\u00f3 a coleccionar mujeres muy guapas; pero fundamentalmente que fueran socialmente muy deseadas; lo que importaba era manifestar su poder p\u00fablico para exhibirlas como sus trofeos&#8230;; los dem\u00e1s las deseaban&#8230;, \u00e9l las ten\u00eda.<\/strong><\/p>\n\n\n\n<p><strong>Us\u00f3 su poder para llevar a estas mujeres a puestos p\u00fablicos que en otras circunstancias probablemente no alcanzar\u00edan; gan\u00e1ndose la sonrisa c\u00f3mplice de algunos periodistas que sab\u00edan de esta acci\u00f3n.<\/strong><\/p>\n\n\n\n<p><strong>Fueron c\u00e9lebres los manejos que hizo para acomodar mujeres de su preferencia en el sector salud, en turismo, en el deporte, y algunas presidentas municipales que le gustaban y las promovi\u00f3 a otros puestos.<\/strong><\/p>\n\n\n\n<p><strong>Desde un principio de su gubernatura su actitud fue de confrontaci\u00f3n con la federaci\u00f3n, y apoyo abierto a Pe\u00f1a Nieto; se le se\u00f1alaron irregularidades diversas; pero su actitud de &#8220;se\u00f1or gobernador&#8221; le impidi\u00f3 darse cuenta que estaba ocultando sus enormes carencias de autoestima social; ten\u00eda prisa por gritarle a la sociedad que \u00e9l&#8230;; a pesar de ser un hijo de una profesora solamente, pod\u00eda ser mejor que los dem\u00e1s; que \u00e9l, con su esfuerzo pod\u00eda ser m\u00e1s fuerte y poderoso y nadie lo tocar\u00eda. En sus giras m\u00e1s que un gobernante, luc\u00eda la personalidad de un &#8220;padrote de rancho&#8221;, due\u00f1o del poder regional.<\/strong><\/p>\n\n\n\n<p><strong>Las prendas de su personalidad las dej\u00f3 bien marcadas en actos penosos en Tanhuato; Yur\u00e9cuaro; ni qu\u00e9 decir de Zamora en tiempos en que le falt\u00f3 al respeto al presidente municipal destituyendo a su mando policiaco e imponi\u00e9ndole otro; o al profesor en Tierra Caliente, que se puso ante su comitiva con una cartulina pidiendo paz y justicia.<\/strong><\/p>\n\n\n\n<p><strong>Cuando se destap\u00f3 su actitud contra algunos due\u00f1os de huertas de aguacate, o sus poco recomendables reuniones con ciertos grupos que no se dedican precisamente a la caridad, qued\u00f3 claro que le importaba un comino la administraci\u00f3n mesurada del poder p\u00fablico&#8230;; solamente de satisfac\u00eda a s\u00ed mismo y su penoso trauma.<\/strong><\/p>\n\n\n\n<p><strong><em>Pero esto no lo va a aceptar jam\u00e1s; es t\u00edpico de este tipo de personas; niegan que los dem\u00e1s valen tanto como ellos.<\/em><\/strong><\/p>\n\n\n\n<p><strong>No sabemos si recibir\u00e1 lo justo de castigo, s\u00f3lo sabemos que se est\u00e1 haciendo claro lo que ya se ve\u00eda por medio de sus actos&#8230;: mujeres, poder, desprecio por los dem\u00e1s, abuso de los medios&#8230;<\/strong><\/p>\n\n\n\n<p><strong><em>As\u00ed son estos tiempos.<\/em><\/strong><\/p>\n\n\n\n<p style=\"font-size:25px\">Le abrazo&#8230;<\/p>\n","protected":false},"excerpt":{"rendered":"<p>LA ECONOM\u00cdA Y USTED&#8230; Eliseo Castillo BRAZOS QUE ABRAZAN &#8220;Por que los tiempos que pasan se conjugan, \/ se hacen canallas y diluyen la sonrisa, \/ tus manos que toman, tus brazos que alcanzan se bendicen, \/ sol de noche apenas me atrapan. \/ Tiempos de canallas despuntan la ma\u00f1ana, \/ largo d\u00eda para la [&hellip;]<\/p>\n","protected":false},"author":2,"featured_media":10668,"comment_status":"open","ping_status":"open","sticky":false,"template":"","format":"standard","meta":{"footnotes":"","_rishi_post_view_count":459},"categories":[1],"tags":[],"class_list":["post-10667","post","type-post","status-publish","format-standard","has-post-thumbnail","hentry","category-opinion"],"comments_count":"0","_links":{"self":[{"href":"https:\/\/elpregonerodezamora.com\/index.php\/wp-json\/wp\/v2\/posts\/10667","targetHints":{"allow":["GET"]}}],"collection":[{"href":"https:\/\/elpregonerodezamora.com\/index.php\/wp-json\/wp\/v2\/posts"}],"about":[{"href":"https:\/\/elpregonerodezamora.com\/index.php\/wp-json\/wp\/v2\/types\/post"}],"author":[{"embeddable":true,"href":"https:\/\/elpregonerodezamora.com\/index.php\/wp-json\/wp\/v2\/users\/2"}],"replies":[{"embeddable":true,"href":"https:\/\/elpregonerodezamora.com\/index.php\/wp-json\/wp\/v2\/comments?post=10667"}],"version-history":[{"count":1,"href":"https:\/\/elpregonerodezamora.com\/index.php\/wp-json\/wp\/v2\/posts\/10667\/revisions"}],"predecessor-version":[{"id":10669,"href":"https:\/\/elpregonerodezamora.com\/index.php\/wp-json\/wp\/v2\/posts\/10667\/revisions\/10669"}],"wp:featuredmedia":[{"embeddable":true,"href":"https:\/\/elpregonerodezamora.com\/index.php\/wp-json\/wp\/v2\/media\/10668"}],"wp:attachment":[{"href":"https:\/\/elpregonerodezamora.com\/index.php\/wp-json\/wp\/v2\/media?parent=10667"}],"wp:term":[{"taxonomy":"category","embeddable":true,"href":"https:\/\/elpregonerodezamora.com\/index.php\/wp-json\/wp\/v2\/categories?post=10667"},{"taxonomy":"post_tag","embeddable":true,"href":"https:\/\/elpregonerodezamora.com\/index.php\/wp-json\/wp\/v2\/tags?post=10667"}],"curies":[{"name":"wp","href":"https:\/\/api.w.org\/{rel}","templated":true}]}}