{"id":10638,"date":"2025-02-27T23:29:49","date_gmt":"2025-02-27T23:29:49","guid":{"rendered":"https:\/\/elpregonerodezamora.com\/?p=10638"},"modified":"2025-02-27T23:29:50","modified_gmt":"2025-02-27T23:29:50","slug":"isidoro-mosqueda-inaugura-congreso-de-traumatologia-en-zamora","status":"publish","type":"post","link":"https:\/\/elpregonerodezamora.com\/index.php\/2025\/02\/27\/isidoro-mosqueda-inaugura-congreso-de-traumatologia-en-zamora\/","title":{"rendered":"ISIDORO MOSQUEDA, INAUGURA CONGRESO DE TRAUMATOLOG\u00cdA EN ZAMORA"},"content":{"rendered":"\n<p><strong>Redacci\u00f3n \/ El Pregonero TV<\/strong><\/p>\n\n\n\n<p><strong><em>Jacona, Mich., 27\/febrero\/2025.- Al participar en el acto inaugural del 30\u00ba Congreso Regional y 12\u00ba Congreso Internacional del Colegio de Traumatolog\u00eda y Ortopedia del Valle de Zamora, el Presidente, destac\u00f3 el valor de sumar esfuerzos en torno a la formaci\u00f3n profesional de alto nivel, especialmente en temas inherentes a la salud en todas sus \u00e1reas y se\u00f1al\u00f3 que este tipo de eventos son de gran inter\u00e9s, tanto para las instituciones y agrupaciones de la sociedad civil y profesionistas, como para los diferentes \u00f3rdenes de Gobierno.<\/em><\/strong><\/p>\n\n\n\n<p><strong><em>Destac\u00f3 la labor del Colegio por su trayectoria y por sus eventos de formaci\u00f3n y actualizaci\u00f3n, al tiempo que reconoci\u00f3 la gesti\u00f3n que realizan al frente del Colegio, los Doctores, Gabriel Garc\u00eda Fern\u00e1ndez, Manuel Monta\u00f1ez y Jes\u00fas Mel\u00e9ndrez, en sus funciones de Presidente, Secretario y Tesorero respectivamente y les felicito por su compromiso y por su desempe\u00f1o.<\/em><\/strong><\/p>\n\n\n\n<p><strong><em>De igual formas dio una calurosa bienvenida a los Doctores, Alberto Sahag\u00fan, Emmanuel D\u00edaz de Le\u00f3n y Augusto \u00c1lvarez, participantes destacados en este congreso.<\/em><\/strong><\/p>\n\n\n\n<p><a href=\"https:\/\/www.facebook.com\/hashtag\/continuanloslogrosenjacona?__eep__=6&amp;__cft__[0]=AZVNytUnem8Cbk6f2hZ0C5NeKUVgN1ppAYlyeqFqHdrwgL0HRiaVBwOBrjk8NbziWhDurahRi1eRy5K0joGmpk--YeXOhcxctndNCSAfOlhJMHZ_qFwiVedb3N5FspyqMxhqblpGJ3DvlCFnRTqYOu3L6s3db0urm9HtIoYrn69VxxPyXeIq08h0QbmNNbIdv7k&amp;__tn__=*NK-R\">#ContinuanLosLogrosEnJacona<\/a><\/p>\n\n\n\n<p><a href=\"https:\/\/www.facebook.com\/photo\/?fbid=927742929527540&amp;set=pcb.927743146194185&amp;__cft__[0]=AZVNytUnem8Cbk6f2hZ0C5NeKUVgN1ppAYlyeqFqHdrwgL0HRiaVBwOBrjk8NbziWhDurahRi1eRy5K0joGmpk--YeXOhcxctndNCSAfOlhJMHZ_qFwiVedb3N5FspyqMxhqblpGJ3DvlCFnRTqYOu3L6s3db0urm9HtIoYrn69VxxPyXeIq08h0QbmNNbIdv7k&amp;__tn__=*bH-R\"><\/a><\/p>\n\n\n\n<p><a href=\"https:\/\/www.facebook.com\/photo\/?fbid=927742969527536&amp;set=pcb.927743146194185&amp;__cft__[0]=AZVNytUnem8Cbk6f2hZ0C5NeKUVgN1ppAYlyeqFqHdrwgL0HRiaVBwOBrjk8NbziWhDurahRi1eRy5K0joGmpk--YeXOhcxctndNCSAfOlhJMHZ_qFwiVedb3N5FspyqMxhqblpGJ3DvlCFnRTqYOu3L6s3db0urm9HtIoYrn69VxxPyXeIq08h0QbmNNbIdv7k&amp;__tn__=*bH-R\"><\/a><\/p>\n\n\n\n<figure class=\"wp-block-image\"><a href=\"https:\/\/www.facebook.com\/photo\/?fbid=927742969527536&amp;set=pcb.927743146194185&amp;__cft__[0]=AZVNytUnem8Cbk6f2hZ0C5NeKUVgN1ppAYlyeqFqHdrwgL0HRiaVBwOBrjk8NbziWhDurahRi1eRy5K0joGmpk--YeXOhcxctndNCSAfOlhJMHZ_qFwiVedb3N5FspyqMxhqblpGJ3DvlCFnRTqYOu3L6s3db0urm9HtIoYrn69VxxPyXeIq08h0QbmNNbIdv7k&amp;__tn__=*bH-R\"><img decoding=\"async\" src=\"https:\/\/scontent.fzmm2-1.fna.fbcdn.net\/v\/t39.30808-6\/481043694_927742972860869_6851470102698567543_n.jpg?stp=dst-jpg_p526x395_tt6&amp;_nc_cat=103&amp;ccb=1-7&amp;_nc_sid=833d8c&amp;_nc_ohc=kTqg_QhEyUQQ7kNvgHDqfvV&amp;_nc_oc=Adh9zpsxRiGLL_UTd29G4-8gWhPfgxEN6S-AYWcoCcUwi7PIRGaKwYTcSoYB8nJ-HgE&amp;_nc_zt=23&amp;_nc_ht=scontent.fzmm2-1.fna&amp;_nc_gid=A2oQLKNNzpnocep4QSetQtT&amp;oh=00_AYC4mNkd-IXSav-XWludPUXojT6koCbYfVnSFVTZOvOsNg&amp;oe=67C6A9A0\" alt=\"\"\/><\/a><\/figure>\n\n\n\n<p><a href=\"https:\/\/www.facebook.com\/photo\/?fbid=927743002860866&amp;set=pcb.927743146194185&amp;__cft__[0]=AZVNytUnem8Cbk6f2hZ0C5NeKUVgN1ppAYlyeqFqHdrwgL0HRiaVBwOBrjk8NbziWhDurahRi1eRy5K0joGmpk--YeXOhcxctndNCSAfOlhJMHZ_qFwiVedb3N5FspyqMxhqblpGJ3DvlCFnRTqYOu3L6s3db0urm9HtIoYrn69VxxPyXeIq08h0QbmNNbIdv7k&amp;__tn__=*bH-R\"><\/a><\/p>\n\n\n\n<figure class=\"wp-block-image\"><a href=\"https:\/\/www.facebook.com\/photo\/?fbid=927743002860866&amp;set=pcb.927743146194185&amp;__cft__[0]=AZVNytUnem8Cbk6f2hZ0C5NeKUVgN1ppAYlyeqFqHdrwgL0HRiaVBwOBrjk8NbziWhDurahRi1eRy5K0joGmpk--YeXOhcxctndNCSAfOlhJMHZ_qFwiVedb3N5FspyqMxhqblpGJ3DvlCFnRTqYOu3L6s3db0urm9HtIoYrn69VxxPyXeIq08h0QbmNNbIdv7k&amp;__tn__=*bH-R\"><img decoding=\"async\" src=\"https:\/\/scontent.fzmm2-1.fna.fbcdn.net\/v\/t39.30808-6\/481059972_927743006194199_7877660772308850327_n.jpg?stp=dst-jpg_s600x600_tt6&amp;_nc_cat=104&amp;ccb=1-7&amp;_nc_sid=833d8c&amp;_nc_ohc=9KmLnOm5ChAQ7kNvgGJ253q&amp;_nc_oc=AdiuMu2uq-pOBKbQRjUtLTlS8JUFrtspi0Pivho9ZjzWEIvummYy0pmW6IhxakKFCGk&amp;_nc_zt=23&amp;_nc_ht=scontent.fzmm2-1.fna&amp;_nc_gid=A2oQLKNNzpnocep4QSetQtT&amp;oh=00_AYCvS7HdCWBX0shw06Jg1KgeBWWzr1YXuM1ndD5WMy9U1w&amp;oe=67C6C55B\" alt=\"\"\/><\/a><\/figure>\n\n\n\n<p><a href=\"https:\/\/www.facebook.com\/photo\/?fbid=927743029527530&amp;set=pcb.927743146194185&amp;__cft__[0]=AZVNytUnem8Cbk6f2hZ0C5NeKUVgN1ppAYlyeqFqHdrwgL0HRiaVBwOBrjk8NbziWhDurahRi1eRy5K0joGmpk--YeXOhcxctndNCSAfOlhJMHZ_qFwiVedb3N5FspyqMxhqblpGJ3DvlCFnRTqYOu3L6s3db0urm9HtIoYrn69VxxPyXeIq08h0QbmNNbIdv7k&amp;__tn__=*bH-R\"><\/a><\/p>\n\n\n\n<figure class=\"wp-block-image\"><a href=\"https:\/\/www.facebook.com\/photo\/?fbid=927743029527530&amp;set=pcb.927743146194185&amp;__cft__[0]=AZVNytUnem8Cbk6f2hZ0C5NeKUVgN1ppAYlyeqFqHdrwgL0HRiaVBwOBrjk8NbziWhDurahRi1eRy5K0joGmpk--YeXOhcxctndNCSAfOlhJMHZ_qFwiVedb3N5FspyqMxhqblpGJ3DvlCFnRTqYOu3L6s3db0urm9HtIoYrn69VxxPyXeIq08h0QbmNNbIdv7k&amp;__tn__=*bH-R\"><img decoding=\"async\" src=\"https:\/\/scontent.fzmm2-1.fna.fbcdn.net\/v\/t39.30808-6\/481480620_927743032860863_4144238940152849498_n.jpg?stp=dst-jpg_p526x395_tt6&amp;_nc_cat=100&amp;ccb=1-7&amp;_nc_sid=833d8c&amp;_nc_ohc=W8lVxfxdqkEQ7kNvgEsnSSm&amp;_nc_oc=AdhXrmWeflyrqjxO0X2RbN2NeXqKqpOq1lQ2tcv83Zl0b0qu87X7eHU45BWpNTQXZ7E&amp;_nc_zt=23&amp;_nc_ht=scontent.fzmm2-1.fna&amp;_nc_gid=A2oQLKNNzpnocep4QSetQtT&amp;oh=00_AYBsyJ73ODOOXJqtywO3YjgmD4FE3YP4G3M8T0YqaVMzzA&amp;oe=67C6BAB9\" alt=\"\"\/><\/a><\/figure>\n\n\n\n<p><a href=\"https:\/\/www.facebook.com\/photo\/?fbid=927743059527527&amp;set=pcb.927743146194185&amp;__cft__[0]=AZVNytUnem8Cbk6f2hZ0C5NeKUVgN1ppAYlyeqFqHdrwgL0HRiaVBwOBrjk8NbziWhDurahRi1eRy5K0joGmpk--YeXOhcxctndNCSAfOlhJMHZ_qFwiVedb3N5FspyqMxhqblpGJ3DvlCFnRTqYOu3L6s3db0urm9HtIoYrn69VxxPyXeIq08h0QbmNNbIdv7k&amp;__tn__=*bH-R\"><\/a><\/p>\n\n\n\n<figure class=\"wp-block-image\"><a href=\"https:\/\/www.facebook.com\/photo\/?fbid=927743059527527&amp;set=pcb.927743146194185&amp;__cft__[0]=AZVNytUnem8Cbk6f2hZ0C5NeKUVgN1ppAYlyeqFqHdrwgL0HRiaVBwOBrjk8NbziWhDurahRi1eRy5K0joGmpk--YeXOhcxctndNCSAfOlhJMHZ_qFwiVedb3N5FspyqMxhqblpGJ3DvlCFnRTqYOu3L6s3db0urm9HtIoYrn69VxxPyXeIq08h0QbmNNbIdv7k&amp;__tn__=*bH-R\"><img decoding=\"async\" src=\"https:\/\/scontent.fzmm2-1.fna.fbcdn.net\/v\/t39.30808-6\/480979368_927743062860860_2872207507359494304_n.jpg?stp=dst-jpg_s600x600_tt6&amp;_nc_cat=100&amp;ccb=1-7&amp;_nc_sid=833d8c&amp;_nc_ohc=-abdGPaLpmQQ7kNvgFzV0wS&amp;_nc_oc=AdgzlNQBJi1MNLvZnu5NTnVJvvYdyjstnIzk24Iu6IyGad3EK3xm28xKPyy-gL-LoKQ&amp;_nc_zt=23&amp;_nc_ht=scontent.fzmm2-1.fna&amp;_nc_gid=A2oQLKNNzpnocep4QSetQtT&amp;oh=00_AYBvkqlYxDwN58uzv64BW1l98bANd46b2MYUNl7pgUPigA&amp;oe=67C6C85B\" alt=\"\"\/><\/a><\/figure>\n\n\n\n<p><a href=\"https:\/\/www.facebook.com\/photo\/?fbid=927743059527527&amp;set=pcb.927743146194185&amp;__cft__[0]=AZVNytUnem8Cbk6f2hZ0C5NeKUVgN1ppAYlyeqFqHdrwgL0HRiaVBwOBrjk8NbziWhDurahRi1eRy5K0joGmpk--YeXOhcxctndNCSAfOlhJMHZ_qFwiVedb3N5FspyqMxhqblpGJ3DvlCFnRTqYOu3L6s3db0urm9HtIoYrn69VxxPyXeIq08h0QbmNNbIdv7k&amp;__tn__=*bH-R\">+3<\/a><\/p>\n","protected":false},"excerpt":{"rendered":"<p>Redacci\u00f3n \/ El Pregonero TV Jacona, Mich., 27\/febrero\/2025.- Al participar en el acto inaugural del 30\u00ba Congreso Regional y 12\u00ba Congreso Internacional del Colegio de Traumatolog\u00eda y Ortopedia del Valle de Zamora, el Presidente, destac\u00f3 el valor de sumar esfuerzos en torno a la formaci\u00f3n profesional de alto nivel, especialmente en temas inherentes a la [&hellip;]<\/p>\n","protected":false},"author":2,"featured_media":10639,"comment_status":"open","ping_status":"open","sticky":false,"template":"","format":"standard","meta":{"footnotes":"","_rishi_post_view_count":577},"categories":[12],"tags":[519],"class_list":["post-10638","post","type-post","status-publish","format-standard","has-post-thumbnail","hentry","category-jacona","tag-isidoro-mosqueda"],"comments_count":"0","_links":{"self":[{"href":"https:\/\/elpregonerodezamora.com\/index.php\/wp-json\/wp\/v2\/posts\/10638","targetHints":{"allow":["GET"]}}],"collection":[{"href":"https:\/\/elpregonerodezamora.com\/index.php\/wp-json\/wp\/v2\/posts"}],"about":[{"href":"https:\/\/elpregonerodezamora.com\/index.php\/wp-json\/wp\/v2\/types\/post"}],"author":[{"embeddable":true,"href":"https:\/\/elpregonerodezamora.com\/index.php\/wp-json\/wp\/v2\/users\/2"}],"replies":[{"embeddable":true,"href":"https:\/\/elpregonerodezamora.com\/index.php\/wp-json\/wp\/v2\/comments?post=10638"}],"version-history":[{"count":1,"href":"https:\/\/elpregonerodezamora.com\/index.php\/wp-json\/wp\/v2\/posts\/10638\/revisions"}],"predecessor-version":[{"id":10640,"href":"https:\/\/elpregonerodezamora.com\/index.php\/wp-json\/wp\/v2\/posts\/10638\/revisions\/10640"}],"wp:featuredmedia":[{"embeddable":true,"href":"https:\/\/elpregonerodezamora.com\/index.php\/wp-json\/wp\/v2\/media\/10639"}],"wp:attachment":[{"href":"https:\/\/elpregonerodezamora.com\/index.php\/wp-json\/wp\/v2\/media?parent=10638"}],"wp:term":[{"taxonomy":"category","embeddable":true,"href":"https:\/\/elpregonerodezamora.com\/index.php\/wp-json\/wp\/v2\/categories?post=10638"},{"taxonomy":"post_tag","embeddable":true,"href":"https:\/\/elpregonerodezamora.com\/index.php\/wp-json\/wp\/v2\/tags?post=10638"}],"curies":[{"name":"wp","href":"https:\/\/api.w.org\/{rel}","templated":true}]}}