{"id":10593,"date":"2025-02-26T04:44:42","date_gmt":"2025-02-26T04:44:42","guid":{"rendered":"https:\/\/elpregonerodezamora.com\/?p=10593"},"modified":"2025-02-26T04:44:43","modified_gmt":"2025-02-26T04:44:43","slug":"inicia-ine-campana-de-informacion-y-promocion-de-eleccion-judicial","status":"publish","type":"post","link":"https:\/\/elpregonerodezamora.com\/index.php\/2025\/02\/26\/inicia-ine-campana-de-informacion-y-promocion-de-eleccion-judicial\/","title":{"rendered":"INICIA INE CAMPA\u00d1A DE INFORMACI\u00d3N Y PROMOCI\u00d3N DE ELECCI\u00d3N JUDICIAL"},"content":{"rendered":"\n<p><strong>Ciudad de M\u00e9xico, 25 de febrero de 2025 (18:12). El Instituto Nacional Electoral (INE) dio inicio a la campa\u00f1a de informaci\u00f3n y promoci\u00f3n de la elecci\u00f3n judicial.<\/strong><\/p>\n\n\n\n<p><strong>Con la etiqueta \u201cABC\u201d de esta contienda, el \u00f3rgano emiti\u00f3 mensajes b\u00e1sicos como la fecha de la elecci\u00f3n, domingo 1 de junio; los 881 cargos en disputa, y el se\u00f1alamiento a los ciudadanos de que se trata de un proceso hist\u00f3rico en el que vale la pena participar porque las decisiones de las personas juzgadoras \u201cinciden en nuestras condiciones de vida\u201d.<\/strong><\/p>\n\n\n\n<p><strong>Los mensajes de la campa\u00f1a fueron creados por la Coordinaci\u00f3n Nacional de Comunicaci\u00f3n Social, responsable de la producci\u00f3n en redes sociales y en los espots que luego ser\u00e1n divulgados dentro de los tiempos de Estado en radio y televisi\u00f3n.<\/strong><\/p>\n\n\n\n<p><strong>Otro de los objetivos centrales es mostrar las seis boletas y socializar el nuevo modelo, uno de los principales retos en materia de difusi\u00f3n, porque por primera vez no se votar\u00e1 tachando sobre emblemas de partidos o nombres de candidatos independientes, sino a partir de anotar en la parte superior de las papeletas, en recuadros, el n\u00famero correspondiente a la candidatura elegida.<\/strong><\/p>\n\n\n\n<p><strong>Tambi\u00e9n se explicar\u00e1n las principales funciones de cada cargo. El primero de su tipo se refiere a ministras y ministros de la Suprema Corte \u201cla m\u00e1xima autoridad jurisdiccional del pa\u00eds. Su funci\u00f3n principal es garantizar que las leyes respeten la Constituci\u00f3n y los Derechos Humanos\u201d.<\/strong><\/p>\n\n\n\n<p><strong>Todos los mensajes contendr\u00e1n un llamado impl\u00edcito o expl\u00edcito a las personas inscritas en el padr\u00f3n a votar. \u201cEste primero de junio nos vemos en las urnas\u201d,<\/strong><\/p>\n\n\n\n<p><strong>Al mismo tiempo se empieza a cargar \u2013 para su difusi\u00f3n- las fichas curriculares de los candidatos; al momento han sido aprobadas las candidaturas a los nueve puestos de la Suprema Corte y a dos de la Sala Superior del Tribunal Electoral del Poder Judicial de la Federaci\u00f3n (TEPJF).<\/strong><\/p>\n\n\n\n<p><strong>Vendr\u00e1 luego la aprobaci\u00f3n para 15 magistraturas de las Salas Regionales del TEPJF; cinco integrantes del Tribunal de Disciplina Judicial; 464 magistraturas de Circuito y 386 Juezas y Jueces de Distrito.<\/strong><\/p>\n","protected":false},"excerpt":{"rendered":"<p>Ciudad de M\u00e9xico, 25 de febrero de 2025 (18:12). El Instituto Nacional Electoral (INE) dio inicio a la campa\u00f1a de informaci\u00f3n y promoci\u00f3n de la elecci\u00f3n judicial. Con la etiqueta \u201cABC\u201d de esta contienda, el \u00f3rgano emiti\u00f3 mensajes b\u00e1sicos como la fecha de la elecci\u00f3n, domingo 1 de junio; los 881 cargos en disputa, y [&hellip;]<\/p>\n","protected":false},"author":2,"featured_media":10594,"comment_status":"open","ping_status":"open","sticky":false,"template":"","format":"standard","meta":{"footnotes":"","_rishi_post_view_count":494},"categories":[197],"tags":[],"class_list":["post-10593","post","type-post","status-publish","format-standard","has-post-thumbnail","hentry","category-politica"],"comments_count":"0","_links":{"self":[{"href":"https:\/\/elpregonerodezamora.com\/index.php\/wp-json\/wp\/v2\/posts\/10593","targetHints":{"allow":["GET"]}}],"collection":[{"href":"https:\/\/elpregonerodezamora.com\/index.php\/wp-json\/wp\/v2\/posts"}],"about":[{"href":"https:\/\/elpregonerodezamora.com\/index.php\/wp-json\/wp\/v2\/types\/post"}],"author":[{"embeddable":true,"href":"https:\/\/elpregonerodezamora.com\/index.php\/wp-json\/wp\/v2\/users\/2"}],"replies":[{"embeddable":true,"href":"https:\/\/elpregonerodezamora.com\/index.php\/wp-json\/wp\/v2\/comments?post=10593"}],"version-history":[{"count":1,"href":"https:\/\/elpregonerodezamora.com\/index.php\/wp-json\/wp\/v2\/posts\/10593\/revisions"}],"predecessor-version":[{"id":10595,"href":"https:\/\/elpregonerodezamora.com\/index.php\/wp-json\/wp\/v2\/posts\/10593\/revisions\/10595"}],"wp:featuredmedia":[{"embeddable":true,"href":"https:\/\/elpregonerodezamora.com\/index.php\/wp-json\/wp\/v2\/media\/10594"}],"wp:attachment":[{"href":"https:\/\/elpregonerodezamora.com\/index.php\/wp-json\/wp\/v2\/media?parent=10593"}],"wp:term":[{"taxonomy":"category","embeddable":true,"href":"https:\/\/elpregonerodezamora.com\/index.php\/wp-json\/wp\/v2\/categories?post=10593"},{"taxonomy":"post_tag","embeddable":true,"href":"https:\/\/elpregonerodezamora.com\/index.php\/wp-json\/wp\/v2\/tags?post=10593"}],"curies":[{"name":"wp","href":"https:\/\/api.w.org\/{rel}","templated":true}]}}