{"id":10516,"date":"2025-02-11T17:49:37","date_gmt":"2025-02-11T17:49:37","guid":{"rendered":"https:\/\/elpregonerodezamora.com\/?p=10516"},"modified":"2025-02-11T17:49:38","modified_gmt":"2025-02-11T17:49:38","slug":"el-horrible-y-odioso-te-lo-dije","status":"publish","type":"post","link":"https:\/\/elpregonerodezamora.com\/index.php\/2025\/02\/11\/el-horrible-y-odioso-te-lo-dije\/","title":{"rendered":"EL HORRIBLE Y ODIOSO\u2026 \u00a1TE LO DIJE!"},"content":{"rendered":"\n<p style=\"font-size:35px\"><strong>LAS PEQUE\u00d1AS COSAS&#8230;<\/strong><\/p>\n\n\n\n<p><strong>Eliseo Castillo<\/strong><\/p>\n\n\n\n<p>                                                         <strong>PRIMERO VINIERON<\/strong><\/p>\n\n\n\n<p><strong><em>&#8220;Primero los nazis vinieron por los comunistas, \/ y no dije nada porque no era comunista \/ Despu\u00e9s vinieron por los jud\u00edos, \/ y no dije nada porque no era jud\u00edo \/ Despu\u00e9s vinieron por los sindicalistas, \/ y no dije nada porque no era sindicalista \/ Despu\u00e9s vinieron por los cat\u00f3licos, \/ y no dije nada porque y era protestante \/ Entonces vinieron por m\u00ed, y para entonces \/ no hab\u00eda nadie que levantara la voz&#8221;&#8230;<\/em>Mart\u00edn Niemoller<\/strong><\/p>\n\n\n\n<p><strong>(Este poema escrito durante y contra el nazismo hitleriano, debe repetirse en voz alta hasta el cansancio; hasta que esos hijos de puta dejen de hacer da\u00f1o&#8230;; tarea casi imposible, desde luego).<\/strong><\/p>\n\n\n\n<p><strong><em>Al grito de &#8220;VA LA RECONQUISTA&#8221;; la ultraderecha internacional se reuni\u00f3 el pasado fin de semana en Madrid, Espa\u00f1a, y usando de bandera y modelo a seguir la imagen de Donald Trump, realizaron arengas y discursos de triunfo para su futuro inmediato.<\/em><\/strong><\/p>\n\n\n\n<p><strong><em>Aunque fue la ultraderecha europea, a ella acudieron Corina Machado, la alfil venezolana muy abiertamente apoyada por el gobierno norteamericano, y Javier Milei &#8220;pomposo&#8221; presidente de los seguramente &#8220;orgullosos y sencillitos argentinos&#8221;.<\/em><\/strong><\/p>\n\n\n\n<p><strong><em>&#8220;La ultraderecha europea, que agrupa desde a los neofranquistas espa\u00f1oles del partido pol\u00edtico Vox hasta los neonazis del partido de Alternativa para Alemania, lanzaron desde Madrid una advertencia inequ\u00edvoca: &#8220;somos el futuro&#8221;; a partir de hoy se &#8220;inicia el camino para la reconquista y el regreso a los valores tradicionales de la familia normal &#8211; de hombre y mujer- as\u00ed como la expulsi\u00f3n fulminante de los migrantes &#8220;ilegales&#8221;&#8221;.<\/em><\/strong><\/p>\n\n\n\n<p><strong>Fuente: Armando G. Tejeda, Per. La Jornada, domingo 9 de febrero de 2025; pag.18<\/strong><\/p>\n\n\n\n<p><strong><em>Esta historia la hemos visto y se ha repetido incluso en los cuentos y f\u00e1bulas; hace 80 a\u00f1os no fue ni cuento ni f\u00e1bula, y si la pesadilla del siglo veinte; la aparici\u00f3n de Hitler no fue cuento, es la cruenta realidad de que este tipo de personajes pululan en las calles, en cualquier pueblo de cualquier lugar del mundo; no es que est\u00e9n equivocados; es que sus intereses van en contra de la sociedad incluyente; su Dios es el poder por el camino que sea; su Dios les permite pisar a quien tengan que hacerlo; desprecian a los que no son como ellos.<\/em><\/strong><\/p>\n\n\n\n<p><strong><em>En las aulas de clase de la UNIVA-Zamora y La Piedad vi pasar estudiantes que abiertamente apoyaban una invasi\u00f3n norteamericana, como una forma de llegar a ser como ellos; como los norteamericanos; entonces no es algo raro que entre este tipo de personas se presenten quienes apoyen a tipos como Trump, que encarnan el autoritarismo y el desprecio a los que no son como ellos.<\/em><\/strong><\/p>\n\n\n\n<p><strong><em>Hitler no invent\u00f3 algo especial; simplemente concentr\u00f3 toda su rabia contra los que no lo entend\u00edan ni deseaban apoyarlo; Joseph Goebbels propagandista fundamental detr\u00e1s de Hitler, lo que hizo fue usarlo como instrumento de la violencia emocional contra las personas que no son como ellos: Hitler y Goebbels se fueron contra los jud\u00edos por ser los que controlaban la econom\u00eda alemana; habr\u00eda que despojarlos de la riqueza, &#8220;haz patria, entrega o mata a un jud\u00edo&#8221;; los homosexuales y lesbianas son germen de la destrucci\u00f3n de la estirpe&#8230;&#8221;\u00a1maricas no!&#8221;; los discapacitados son una carga evitable&#8230;, \u00a1era mejor desaparecerlos!; los gitanos&#8230;; ah, esos cabrones trashumantes que encarnan la imagen del migrante&#8230;, es mejor encerrarlos o matarlos.<\/em><\/strong><\/p>\n\n\n\n<p><strong><em>Entre Goebbels y Hitler lo idearon y aplicaron; por cierto, se prohibi\u00f3 todo contacto afectivo con los jud\u00edos; habr\u00eda que encerrarlos y que murieran de alguna forma. Pero&#8230; \u00bfqu\u00e9 cree? Goebbels, el se\u00f1or de familia que era un modelo a seguir contra los jud\u00edos&#8230;, \u00a1ten\u00eda una amante jud\u00eda&#8230;!<\/em><\/strong><\/p>\n\n\n\n<p><strong>\u00a1Ah, tan decentes en la ultraderecha!<\/strong><\/p>\n\n\n\n<p><strong><em>Todo eso que se vivi\u00f3 hace ochenta a\u00f1os se est\u00e1 repitiendo hoy; la reuni\u00f3n de Madrid, Espa\u00f1a este fin de semana nos recuerda los procesos pasados entonces; ellos vienen con tanta fuerza que se est\u00e1 repitiendo la historia.<\/em><\/strong><\/p>\n\n\n\n<p><strong><em>Hoy no existe un Hitler y un Goebbels; pero existe un Trump y un Banner, que pueden ser tan malos como aquellos&#8230;; incluso peores.<\/em><\/strong><\/p>\n\n\n\n<p><strong><em>El poema de Martin Niemoller nos recuerda lo ingenuos que somos ante la realidad de este tipo de personas que sue\u00f1an con dominar el mundo.<\/em><\/strong><\/p>\n\n\n\n<p><strong><em>La ultraderecha se hace fuerte y levanta la voz en todo el mundo; en M\u00e9xico los l\u00edderes del PAN y PRI se desmarcan del resto de los mexicanos y arengan a estos a no apoyar al gobierno para aprovechar la fuerza de este movimiento en contra del gobierno de M\u00e9xico; penosa realidad de su visi\u00f3n de pa\u00eds y sociedad que pregonan.<\/em><\/strong><\/p>\n\n\n\n<p><strong>Hoy el mundo debiera ser una sociedad integrada contra el nazismo y el totalitarismo; mientras que estos lideres partidistas ven su oportunidad para tratar de ganar terreno pol\u00edtico.<\/strong><\/p>\n\n\n\n<p><strong>As\u00ed es la miseria humana.<\/strong><\/p>\n\n\n\n<p><strong>El poema lo dice claramente&#8230;<\/strong><\/p>\n\n\n\n<p style=\"font-size:25px\"><strong>Le abrazo&#8230;<\/strong><\/p>\n\n\n\n<p><a href=\"https:\/\/www.facebook.com\/photo\/?fbid=916060674029099&amp;set=a.370963018538870&amp;__cft__[0]=AZWCAiX9LH337_k2sQE4RKj4FvopB4auGiJw8pYH0J7eyumgmB9lVctAz03pvqMWAtFxZ5Z92G0Zl3Y8wXBdYlMV-gjMmPUat_5-1sdY-3jC_53A8VuLyvhDSJ-gJghl9nP0LtaJi25izzCri5W-NEQmNAvHm6pQ3nsZTMNuVqdWgQG0Hk8ZW7SttoQyaZD4v7U&amp;__tn__=EH-R\"><\/a><\/p>\n","protected":false},"excerpt":{"rendered":"<p>LAS PEQUE\u00d1AS COSAS&#8230; Eliseo Castillo PRIMERO VINIERON &#8220;Primero los nazis vinieron por los comunistas, \/ y no dije nada porque no era comunista \/ Despu\u00e9s vinieron por los jud\u00edos, \/ y no dije nada porque no era jud\u00edo \/ Despu\u00e9s vinieron por los sindicalistas, \/ y no dije nada porque no era sindicalista \/ Despu\u00e9s [&hellip;]<\/p>\n","protected":false},"author":2,"featured_media":10517,"comment_status":"open","ping_status":"open","sticky":false,"template":"","format":"standard","meta":{"footnotes":"","_rishi_post_view_count":467},"categories":[1],"tags":[],"class_list":["post-10516","post","type-post","status-publish","format-standard","has-post-thumbnail","hentry","category-opinion"],"comments_count":"0","_links":{"self":[{"href":"https:\/\/elpregonerodezamora.com\/index.php\/wp-json\/wp\/v2\/posts\/10516","targetHints":{"allow":["GET"]}}],"collection":[{"href":"https:\/\/elpregonerodezamora.com\/index.php\/wp-json\/wp\/v2\/posts"}],"about":[{"href":"https:\/\/elpregonerodezamora.com\/index.php\/wp-json\/wp\/v2\/types\/post"}],"author":[{"embeddable":true,"href":"https:\/\/elpregonerodezamora.com\/index.php\/wp-json\/wp\/v2\/users\/2"}],"replies":[{"embeddable":true,"href":"https:\/\/elpregonerodezamora.com\/index.php\/wp-json\/wp\/v2\/comments?post=10516"}],"version-history":[{"count":1,"href":"https:\/\/elpregonerodezamora.com\/index.php\/wp-json\/wp\/v2\/posts\/10516\/revisions"}],"predecessor-version":[{"id":10518,"href":"https:\/\/elpregonerodezamora.com\/index.php\/wp-json\/wp\/v2\/posts\/10516\/revisions\/10518"}],"wp:featuredmedia":[{"embeddable":true,"href":"https:\/\/elpregonerodezamora.com\/index.php\/wp-json\/wp\/v2\/media\/10517"}],"wp:attachment":[{"href":"https:\/\/elpregonerodezamora.com\/index.php\/wp-json\/wp\/v2\/media?parent=10516"}],"wp:term":[{"taxonomy":"category","embeddable":true,"href":"https:\/\/elpregonerodezamora.com\/index.php\/wp-json\/wp\/v2\/categories?post=10516"},{"taxonomy":"post_tag","embeddable":true,"href":"https:\/\/elpregonerodezamora.com\/index.php\/wp-json\/wp\/v2\/tags?post=10516"}],"curies":[{"name":"wp","href":"https:\/\/api.w.org\/{rel}","templated":true}]}}