{"id":10463,"date":"2025-02-04T23:38:56","date_gmt":"2025-02-04T23:38:56","guid":{"rendered":"https:\/\/elpregonerodezamora.com\/?p=10463"},"modified":"2025-02-04T23:38:57","modified_gmt":"2025-02-04T23:38:57","slug":"asi-paso-hace-80-anos-no-hay-engano","status":"publish","type":"post","link":"https:\/\/elpregonerodezamora.com\/index.php\/2025\/02\/04\/asi-paso-hace-80-anos-no-hay-engano\/","title":{"rendered":"AS\u00cd PAS\u00d3 HACE 80 A\u00d1OS, NO HAY ENGA\u00d1O"},"content":{"rendered":"\n<p style=\"font-size:35px\"><strong>LAS PEQUE\u00d1AS COSAS&#8230;<\/strong><\/p>\n\n\n\n<p><strong>Eliseo Castillo<\/strong><\/p>\n\n\n\n<p><\/p>\n\n\n\n<p><strong>                                              SIN DISTANCIA NI OLVIDO<\/strong><\/p>\n\n\n\n<p class=\"has-text-align-right\"><strong><em>&#8220;El coraz\u00f3n de la vida que nervioso palpita \/ encuentra sin buscar razones que te nombran, \/ el coraz\u00f3n de la noche es menos pretencioso, \/ apenas te reclama, al margen de si llegas, \/ distancia sin reclamo, amor sin firmas, \/ sue\u00f1o y redenci\u00f3n del alba me acompa\u00f1a, \/ bendigo tu llegada, lo dem\u00e1s no importa&#8221;&#8230;el\u00edseo<\/em><\/strong><\/p>\n\n\n\n<p><strong>Son los a\u00f1os treinta del siglo pasado, Alemania est\u00e1 en una crisis econ\u00f3mica profunda; en su libro Introducci\u00f3n a la Econom\u00eda de John Kenneth Galbraith, cita como con un billete de 10 d\u00f3lares, se recib\u00edan hasta unos 8 millones de marcos alemanes. Las hambrunas eran comunes en buena parte de la poblaci\u00f3n.<\/strong><\/p>\n\n\n\n<p><strong><em>Adolfo Hitler, pintor poco apreciado y rechazado de la escuela de Bellas Artes, descarga todas sus frustraciones contra los grupos humanos diferentes a los germanos; cada que tiene el micr\u00f3fono se va contra los jud\u00edos; due\u00f1os de f\u00e1bricas, joyer\u00edas, comercios, bancos (la usura es una de las pr\u00e1cticas m\u00e1s socorridas de estos hasta la fecha).<\/em><\/strong><\/p>\n\n\n\n<p><strong><em>En las elecciones, los alemanes lo votan mayoritariamente y llega al poder; ahora tiene el poder pol\u00edtico y el poder moral sobre el pueblo alem\u00e1n; a su lado est\u00e1 la mente destructiva de Joseph Goebbels, quien le hace sentir que aumentar el rencor de los alemanes contra su realidad miserable no alcanza; que hay que se\u00f1alar culpables&#8230;: \u00a1por culpa de los jud\u00edos, tienes m\u00e1s carencias; debes denunciarlos, para castigarlos; por gitanos son malos y miserables; es mejor exterminarlos; los homosexuales son gente enferma, deben morir; los discapacitados son una carga in\u00fatil, es mejor deshacerse de ellos.<\/em><\/strong><\/p>\n\n\n\n<p><strong><em>As\u00ed de desarrolla el nacional socialismo identificado como nazismo, consistente en una pol\u00edtica de limpieza racial y manipulaci\u00f3n sicol\u00f3gica; ahora les queda claro que &#8220;los otros&#8221; son los malos; los jud\u00edos, los gitanos, los homosexuales y los discapacitados.<\/em><\/strong><\/p>\n\n\n\n<p><strong><em>El \u00e9xito pol\u00edtico fue inmediato, el tama\u00f1o de la crisis econ\u00f3mica les dio un gran pretexto para irse contra todo lo que les chocaba: millones de jud\u00edos, cientos de miles de gitanos, homosexuales y discapacitados terminaron en la c\u00e1rcel o murieron.<\/em><\/strong><\/p>\n\n\n\n<p><strong><em>La cereza del pastel racista, xen\u00f3foba, discriminadora, despreciadora, se coron\u00f3 con la orden de Goebbels para castigar a todo el alem\u00e1n que se relacionara sentimentalmente con un o una jud\u00eda&#8230;; despu\u00e9s se descubri\u00f3 que el se\u00f1or, adem\u00e1s de su esposa&#8230;\u00a1ten\u00eda una amante jud\u00eda!<\/em><\/strong><\/p>\n\n\n\n<p><strong><em>Las consecuencias las sabemos; lo \u00fanico que salv\u00f3 al mundo del control nazi fue que parte de los cient\u00edficos alemanes salieron del pa\u00eds antes de elaborar la bomba at\u00f3mica; con esta en sus manos; el mundo, probablemente hoy hablar\u00eda alem\u00e1n; y tendr\u00edamos &#8220;el mundo feliz&#8221; de Huxley, con alemanes alfa, y el resto de humanos sometidos para el trabajo.<\/em><\/strong><\/p>\n\n\n\n<p><strong><em>Ochenta a\u00f1os despu\u00e9s, un disc\u00edpulo de este mani\u00e1tico traumado (Hitler desde luego) decide que va a replicar las man\u00edas de su maestro ideol\u00f3gico; lo hemos dicho reiteradamente, Donald Trump replica las man\u00edas de aquel por que se identifica con su perfil; s\u00f3lo cambian las figuras a quienes hay que lastimar y de ser posible destruir:<\/em><\/strong><\/p>\n\n\n\n<p><strong><em>Trump, hijo de migrantes, ha decidido que los migrantes latinos son malos; que con el hecho de cruzar la frontera norteamericana los convierte en delincuentes y violadores; que las adicciones a las drogas en Los Estados Unidos es culpa de los grupos delincuenciales mexicanos; por tanto son terroristas que se deben atacar sin miramiento.<\/em><\/strong><\/p>\n\n\n\n<p><strong><em>Hitler encerr\u00f3 en grandes espacios a los jud\u00edos, homosexuales, discapacitados y gitanos; los oblig\u00f3 a trabajar, mientras los mataba de hambre y violaban a buena parte de la jud\u00edas; incluso fueron usados para experimentos m\u00e9dicos sin miramiento.<\/em><\/strong><\/p>\n\n\n\n<p><strong><em>Trump hoy decide que en Guant\u00e1namo Cuba, lugar que no le pertenece, pero se lo invade a la isla, va a montar un gueto&#8230;, como lo hizo Hitler en Polonia. Ya decidi\u00f3 que para ocular el problema comercial que es lo que le duele, por medio de la prensa, la radio, televisi\u00f3n y redes sociales se debe se\u00f1alar que la culpa de la crisis econ\u00f3mica y el gigantesco d\u00e9ficit comercial es por culpa de los &#8220;otros&#8221;; estos merecen un castigo; y ha decidido que su garrote vengador es una pol\u00edtica de aranceles; castigar\u00e1 a todos los que lo merezcan seg\u00fan su designio divino; recordemos que en su discurso se\u00f1al\u00f3 que Dios lo design\u00f3 para hacer una Am\u00e9rica Grande (movimiento MAGA, como el movimiento Nazi).<\/em><\/strong><\/p>\n\n\n\n<p><strong><em>El sospechoso disparo que le dio supuestamente en la oreja, le da la supuesta autoridad moral para se\u00f1alar p\u00fablicamente, que como en 1823-24, el pol\u00edtico Monroe se\u00f1al\u00f3 que en sus sue\u00f1os Dios le habl\u00f3 y le se\u00f1al\u00f3 que Am\u00e9rica le pertenece a ellos; de la misma manera, Trump se ha autodesignado como el nuevo elegido por Dios&#8230;; &#8220;su&#8221; Dios.<\/em><\/strong><\/p>\n\n\n\n<p><strong><em>Sobre advertencia no hay enga\u00f1o; hace 80 a\u00f1os Hitler sorprendi\u00f3 al mundo e intent\u00f3 dominarlo; por fortuna carec\u00eda de las armas suficientes; hoy Trump tiene m\u00e1s armas, mucho rencor y desprecio a los dem\u00e1s; y sin duda, un problema de salud y econ\u00f3mico brutal; por el rencor con que se manifiesta la sociedad blanca americana, el se\u00f1or lleg\u00f3 al poder&#8230;; las consecuencias , las vamos a ir sufriendo; por desgracia va a intentar alargan su mandato a m\u00e1s all\u00e1 de los cuatro a\u00f1os; con el argumento de que para realmente hacer grande a Am\u00e9rica necesita m\u00e1s tiempo, va a intentar modificar la constituci\u00f3n y reelegirse, aun violando la ley&#8230;<\/em><\/strong><\/p>\n\n\n\n<p style=\"font-size:25px\"><strong>As\u00ed son los dictadores&#8230;, revise un poco la historia por favor.<\/strong><\/p>\n\n\n\n<p><strong><em>Por cierto, un como comentario penoso, pero que desnuda la realidad de M\u00e9xico desde 1821&#8230;; hoy los PRIANISTAS (PRI-PAN) y seguidores est\u00e1n celebrando las amenazas contra el gobierno de M\u00e9xico&#8230;; lo que no ganaron en las urnas les da suficiente rencor contra su propio pa\u00eds para pedir que Estados Unidos nos invada nuevamente; es incre\u00edble la forma en que se han manifestado satisfechos y deseosos de que el gobierno de Trump derroque al Claudia.<\/em><\/strong><\/p>\n\n\n\n<p><strong>Se comprueba la observaci\u00f3n de Monsivais, al calificarlos como la &#8220;primera generaci\u00f3n de americanos nacidos en M\u00e9xico.&#8221;<\/strong><\/p>\n\n\n\n<p><strong>Da pena, pero es lo que vemos y escuchamos de sus labios.<\/strong><\/p>\n\n\n\n<p><strong>Le abrazo.<\/strong><\/p>\n","protected":false},"excerpt":{"rendered":"<p>LAS PEQUE\u00d1AS COSAS&#8230; Eliseo Castillo SIN DISTANCIA NI OLVIDO &#8220;El coraz\u00f3n de la vida que nervioso palpita \/ encuentra sin buscar razones que te nombran, \/ el coraz\u00f3n de la noche es menos pretencioso, \/ apenas te reclama, al margen de si llegas, \/ distancia sin reclamo, amor sin firmas, \/ sue\u00f1o y redenci\u00f3n del [&hellip;]<\/p>\n","protected":false},"author":2,"featured_media":10464,"comment_status":"open","ping_status":"open","sticky":false,"template":"","format":"standard","meta":{"footnotes":"","_rishi_post_view_count":483},"categories":[1],"tags":[],"class_list":["post-10463","post","type-post","status-publish","format-standard","has-post-thumbnail","hentry","category-opinion"],"comments_count":"0","_links":{"self":[{"href":"https:\/\/elpregonerodezamora.com\/index.php\/wp-json\/wp\/v2\/posts\/10463","targetHints":{"allow":["GET"]}}],"collection":[{"href":"https:\/\/elpregonerodezamora.com\/index.php\/wp-json\/wp\/v2\/posts"}],"about":[{"href":"https:\/\/elpregonerodezamora.com\/index.php\/wp-json\/wp\/v2\/types\/post"}],"author":[{"embeddable":true,"href":"https:\/\/elpregonerodezamora.com\/index.php\/wp-json\/wp\/v2\/users\/2"}],"replies":[{"embeddable":true,"href":"https:\/\/elpregonerodezamora.com\/index.php\/wp-json\/wp\/v2\/comments?post=10463"}],"version-history":[{"count":1,"href":"https:\/\/elpregonerodezamora.com\/index.php\/wp-json\/wp\/v2\/posts\/10463\/revisions"}],"predecessor-version":[{"id":10465,"href":"https:\/\/elpregonerodezamora.com\/index.php\/wp-json\/wp\/v2\/posts\/10463\/revisions\/10465"}],"wp:featuredmedia":[{"embeddable":true,"href":"https:\/\/elpregonerodezamora.com\/index.php\/wp-json\/wp\/v2\/media\/10464"}],"wp:attachment":[{"href":"https:\/\/elpregonerodezamora.com\/index.php\/wp-json\/wp\/v2\/media?parent=10463"}],"wp:term":[{"taxonomy":"category","embeddable":true,"href":"https:\/\/elpregonerodezamora.com\/index.php\/wp-json\/wp\/v2\/categories?post=10463"},{"taxonomy":"post_tag","embeddable":true,"href":"https:\/\/elpregonerodezamora.com\/index.php\/wp-json\/wp\/v2\/tags?post=10463"}],"curies":[{"name":"wp","href":"https:\/\/api.w.org\/{rel}","templated":true}]}}