{"id":10457,"date":"2025-02-01T01:28:46","date_gmt":"2025-02-01T01:28:46","guid":{"rendered":"https:\/\/elpregonerodezamora.com\/?p=10457"},"modified":"2025-02-01T01:28:47","modified_gmt":"2025-02-01T01:28:47","slug":"fuertes-porque-estamos-cerca-del-pueblo-afirma-claudia-sheinbaum","status":"publish","type":"post","link":"https:\/\/elpregonerodezamora.com\/index.php\/2025\/02\/01\/fuertes-porque-estamos-cerca-del-pueblo-afirma-claudia-sheinbaum\/","title":{"rendered":"&#8220;FUERTES PORQUE ESTAMOS CERCA DEL PUEBLO&#8221;, AFIRMA CLAUDIA SHEINBAUM"},"content":{"rendered":"\n<p><strong>Nezahualc\u00f3yotl, Edomex, 31\/enero\/2025.- La presidenta Claudia Sheinbaum Pardo concluy\u00f3 en esta localidad el primero de tres d\u00edas de gira de trabajo en los municipios m\u00e1s poblados y de mayor rezago social urbano de la zona oriente del estado de M\u00e9xico.<\/strong><\/p>\n\n\n\n<p><strong>La gente de esa demarcaci\u00f3n conurbada a la Ciudad de M\u00e9xico se desbord\u00f3 en apoyo y solidaridad con la mandataria, ante los embates del presidente estadunidense Donald Trump en contra de los migrantes mexicanos.<\/strong><\/p>\n\n\n\n<p><strong>Sheinbaum Pardo reiter\u00f3 que est\u00e1 tranquila porque tiene el respaldo de la gente de este lado y de aquel lado de la frontera.<\/strong><\/p>\n\n\n\n<p><strong>\u201cTodos unidos porque el pueblo unido jam\u00e1s ser\u00e1 vencido\u201d advirti\u00f3, y al un\u00edsono los presentes exclamaron \u201c\u00a1No est\u00e1s sola!\u201d, \u201c\u00a1No est\u00e1s sola!\u201d, \u201c\u00a1No est\u00e1s sola!\u201d.<\/strong><\/p>\n\n\n\n<p><strong>A los habitantes les explic\u00f3 que ha actuado con la cabeza fr\u00eda, incluso dijo que lo hace con \u201cserenidad y paciencia, mucha paciencia\u201d, como dir\u00eda Kaliman al peque\u00f1o Sol\u00edn, compar\u00f3.<\/strong><\/p>\n\n\n\n<p><strong>En primer lugar, dijo que est\u00e1 tranquila porque no hay divorcio entre gobierno y pueblo. \u201cEstamos fuertes porque estamos cerca del pueblo de M\u00e9xico\u201d.<\/strong><\/p>\n\n\n\n<p><strong>Quienes viven aqu\u00ed en territorio nacional le respaldan, al igual que los paisanos que son h\u00e9roes de la patria.<\/strong><\/p>\n\n\n\n<p><strong>\u201c\u00bfQui\u00e9nes son los mejores trabajadores de la construcci\u00f3n, de servicios y del campo?\u201d, pregunt\u00f3 a los asistentes, en referencia a quienes trabajan en el pa\u00eds vecino.<\/strong><\/p>\n\n\n\n<p><strong>De inmediato la gente respondi\u00f3: \u201c\u00a1Nosotros!\u201d, \u201c\u00a1Nosotros!\u201d, \u201c\u00a1Nosotros!\u201d.<\/strong><\/p>\n\n\n\n<p><strong>Claudia Sheinbaum asegur\u00f3 que adem\u00e1s del respaldo de la gente, el manejo de la econom\u00eda le da m\u00e1s fortaleza.<\/strong><\/p>\n\n\n\n<p><strong>\u201cLa otra cosa que me tiene muy tranquila es que la econom\u00eda de M\u00e9xico est\u00e1 muy fuerte\u201d, asever\u00f3.<\/strong><\/p>\n\n\n\n<p><strong>Y record\u00f3 que el cambio en el modelo econ\u00f3mico es lo que hizo el mejor presidente que ha tenido M\u00e9xico, Andr\u00e9s Manuel L\u00f3pez Obrador.<\/strong><\/p>\n\n\n\n<p><strong>Sostuvo que nuestro pa\u00eds tiene lo que muy pocas naciones tienen: el humanismo mexicano, el pilar de los pueblos originarios y nuestros h\u00e9roes y hero\u00ednas como Hidalgo, Morelos, Josefa Ortiz y Leona Vicario o Benito Ju\u00e1rez o Zapata o Villa.<\/strong><\/p>\n\n\n\n<p><strong>Claudia Sheinbaum habl\u00f3 de su gira. Decidi\u00f3 recorrer los municipios mexiquenses que durante a\u00f1os estuvieron en el abandono.<\/strong><\/p>\n\n\n\n<p><strong>\u201cTom\u00e9 la decisi\u00f3n de que tenemos que destinar mucho esfuerzo y muchos recursos a estos diez municipios entre los que se encuentra Nezahualc\u00f3yotl\u201d.<\/strong><\/p>\n\n\n\n<p><strong>Adem\u00e1s del mejoramiento de la vivienda, se van a incorporar los recursos de los tres niveles de gobierno para garantizar el servicio de agua potable, atender el drenaje, para pavimentar, los puentes vehiculares y otras acciones de forma integral.<\/strong><\/p>\n\n\n\n<p><strong>A la gente le inform\u00f3 que los diez alcaldes llevan cinco meses trabajando junto a la gobernadora Delfina G\u00f3mez \u00c1lvarez y los secretarios del gobierno de M\u00e9xico para hacer, primero, el diagn\u00f3stico y ahora aplicar los recursos.<\/strong><\/p>\n\n\n\n<p><strong>Design\u00f3 a Adolfo Cerqueda, edil de Nezahualc\u00f3yotl, para que sea quien informe a la gente qu\u00e9 acciones se llevar\u00e1n a cabo en esas localidades donde, en conjunto, viven 10 millones de personas.<\/strong><\/p>\n\n\n\n<p><strong>La gira presidencial de este viernes inici\u00f3 en La Paz, continu\u00f3 en Chimalhuac\u00e1n y cerr\u00f3 en Ciudad Neza. Ma\u00f1ana s\u00e1bado primero de febrero, la primera mandataria estar\u00e1 en Valle de Chalco, Ixtapaluca y Chicoloapan y el domingo cerrar\u00e1 la gira en Texcoco y Ecatepec, este \u00faltimo, el municipio m\u00e1s poblado de la entidad.<\/strong><\/p>\n\n\n\n<p><strong>Previo al discurso de Claudia Sheinbaum, la gobernadora Delfina G\u00f3mez y el alcalde Adolfo Cerqueda, centraron su participaci\u00f3n en informar que la presidenta no est\u00e1 sola.<\/strong><\/p>\n\n\n\n<p><strong>\u201cPresidenta no est\u00e1 sola, vamos con usted\u201d; mientras que el alcalde le dijo: \u201ctenga la certeza que las y los mexicanos estamos con usted porque un pa\u00eds debe coordinarse y no subordinarse\u201d.<\/strong><\/p>\n\n\n\n<p><strong>\u201c\u00a1No est\u00e1s sola!\u201d, \u201c\u00a1No est\u00e1s sola!\u201d, \u201c\u00a1No est\u00e1s sola!\u201d, exclamaron en solidaridad cientos de vecinos presentes.<\/strong><\/p>\n\n\n\n<p><strong>En Nezahualc\u00f3yotl se entregaron seis tarjetas de un total de cien mil, que apoyar\u00e1n al mejoramiento de la vivienda.<\/strong><\/p>\n\n\n\n<p><a href=\"https:\/\/www.facebook.com\/photo\/?fbid=909012318067268&amp;set=a.370963018538870&amp;__cft__[0]=AZVfwwuq64y-VnQhAXTA7vIqPRpHLJLnwaWTirjejhx9Ngi-jo851fnCUBRLoer12sY2iHYVw8nYnflMCp30XG6Ne-w93BgBRxp_ploxViCGQTNTix7RyGR5Pi9aqHSbuyqbmZgzCZ91yBB6IOHUItEjoZ-1BKYxIWAnxEPcmkxlng&amp;__tn__=EH-R\"><\/a><\/p>\n","protected":false},"excerpt":{"rendered":"<p>Nezahualc\u00f3yotl, Edomex, 31\/enero\/2025.- La presidenta Claudia Sheinbaum Pardo concluy\u00f3 en esta localidad el primero de tres d\u00edas de gira de trabajo en los municipios m\u00e1s poblados y de mayor rezago social urbano de la zona oriente del estado de M\u00e9xico. La gente de esa demarcaci\u00f3n conurbada a la Ciudad de M\u00e9xico se desbord\u00f3 en apoyo [&hellip;]<\/p>\n","protected":false},"author":2,"featured_media":10458,"comment_status":"open","ping_status":"open","sticky":false,"template":"","format":"standard","meta":{"footnotes":"","_rishi_post_view_count":658},"categories":[14],"tags":[505],"class_list":["post-10457","post","type-post","status-publish","format-standard","has-post-thumbnail","hentry","category-nacionales","tag-fuertes-porque-estamos-cerca-del-pueblo"],"comments_count":"0","_links":{"self":[{"href":"https:\/\/elpregonerodezamora.com\/index.php\/wp-json\/wp\/v2\/posts\/10457","targetHints":{"allow":["GET"]}}],"collection":[{"href":"https:\/\/elpregonerodezamora.com\/index.php\/wp-json\/wp\/v2\/posts"}],"about":[{"href":"https:\/\/elpregonerodezamora.com\/index.php\/wp-json\/wp\/v2\/types\/post"}],"author":[{"embeddable":true,"href":"https:\/\/elpregonerodezamora.com\/index.php\/wp-json\/wp\/v2\/users\/2"}],"replies":[{"embeddable":true,"href":"https:\/\/elpregonerodezamora.com\/index.php\/wp-json\/wp\/v2\/comments?post=10457"}],"version-history":[{"count":1,"href":"https:\/\/elpregonerodezamora.com\/index.php\/wp-json\/wp\/v2\/posts\/10457\/revisions"}],"predecessor-version":[{"id":10459,"href":"https:\/\/elpregonerodezamora.com\/index.php\/wp-json\/wp\/v2\/posts\/10457\/revisions\/10459"}],"wp:featuredmedia":[{"embeddable":true,"href":"https:\/\/elpregonerodezamora.com\/index.php\/wp-json\/wp\/v2\/media\/10458"}],"wp:attachment":[{"href":"https:\/\/elpregonerodezamora.com\/index.php\/wp-json\/wp\/v2\/media?parent=10457"}],"wp:term":[{"taxonomy":"category","embeddable":true,"href":"https:\/\/elpregonerodezamora.com\/index.php\/wp-json\/wp\/v2\/categories?post=10457"},{"taxonomy":"post_tag","embeddable":true,"href":"https:\/\/elpregonerodezamora.com\/index.php\/wp-json\/wp\/v2\/tags?post=10457"}],"curies":[{"name":"wp","href":"https:\/\/api.w.org\/{rel}","templated":true}]}}