{"id":10412,"date":"2025-01-22T03:36:48","date_gmt":"2025-01-22T03:36:48","guid":{"rendered":"https:\/\/elpregonerodezamora.com\/?p=10412"},"modified":"2025-01-22T03:36:49","modified_gmt":"2025-01-22T03:36:49","slug":"trump-y-el-poder-que-los-hermana","status":"publish","type":"post","link":"https:\/\/elpregonerodezamora.com\/index.php\/2025\/01\/22\/trump-y-el-poder-que-los-hermana\/","title":{"rendered":"TRUMP, Y EL PODER QUE LOS HERMANA"},"content":{"rendered":"\n<p style=\"font-size:35px\"><strong>LA ECONOM\u00cdA Y USTED&#8230;<\/strong><\/p>\n\n\n\n<p><strong>Eliseo Castillo<\/strong><\/p>\n\n\n\n<p><\/p>\n\n\n\n<p>                                                 <strong>DE TUS MANOS GU\u00cdAS<\/strong><\/p>\n\n\n\n<p class=\"has-text-align-right\"><strong><em>&#8220;Con el encanto de la fiel andanza, \/ confianza que se vive, se alcanza, \/ apenas rozan las m\u00edas, tus seguras manos, \/ cual fiel lazarillo se perfilan, me llevan, \/ amiga desde a\u00f1os, hoy te prodigas, \/ sonr\u00edo mientras bendigo tu presencia, \/ de ayer amiga, hoy gu\u00eda amorosa&#8221;&#8230;el\u00edseo.<\/em><\/strong><\/p>\n\n\n\n<p><strong><em>Dentro de la lista de autoenga\u00f1os con que la sociedad internacional intenta camuflar se realidad ante la presencia del empresario-pol\u00edtico Donal Trump, est\u00e1 el querer imaginar un mundo ideal donde se supone que antes de este se\u00f1or, la vida era muy ordenada, que su parici\u00f3n hace unos 10 a\u00f1os en el especio pol\u00edtico fue circunstancial; que realmente nadie lo vio venir, ni se esperaba; que la idea de que &#8220;zapatero a tus zapatos&#8221;, es una l\u00f3gica totalmente entendida y aceptada por el orden internacional.<\/em><\/strong><\/p>\n\n\n\n<p><strong><em>Esto y la idea de que las avestruces mantienen la cabeza metida bajo tierra ante eventos traum\u00e1ticos, son meras formas tontas o ingenuas de negar la realidad.<\/em><\/strong><\/p>\n\n\n\n<p><strong><em>Trump no tiene nada que ver con la casualidad, ni la buena o mala suerte; es plenamente un momento de maduraci\u00f3n social del neonazismo hitleriano que nunca se fue; apenas se detuvo en 1945 cuando fue derrotado el ej\u00e9rcito expansionista alem\u00e1n; pero, las pruebas nos dicen que s\u00f3lo fueron contenidos temporalmente; y que con su presencia en la presidencia de los Estados Unidos desde 2016, se establece una nueva era de esplendor de esta doctrina supremacista blanca.<\/em><\/strong><\/p>\n\n\n\n<p><strong><em>El supremacismo blanco no se ha ido, ha logrado consolidarse con grupos internacionales que ahora ven en Trump su gu\u00eda y modelo; hoy m\u00e1s que nunca los grupos de personas de piel blanca se sienten representados en el poder m\u00e1ximo; de tal forma, hoy dejan de fingir ser &#8220;buena onda&#8221;, para sobrellevar su clasismo y racismo; ahora lo manifiestan de manera abierta.<\/em><\/strong><\/p>\n\n\n\n<p><strong><em>Nada despreciable ver la lista de l\u00edderes internacionales invitados al evento de recepci\u00f3n de la presidencia; hoy se exhiben con orgullo; es el desplante de los vencedores.<\/em><\/strong><\/p>\n\n\n\n<p style=\"font-size:25px\"><strong>Quitemos la m\u00e1scara&#8230;<\/strong><\/p>\n\n\n\n<p><strong><em>Trump no es el problema, es la manifestaci\u00f3n de la misma; \u00e9l representa la corriente supremacista que nunca muri\u00f3 luego del fin del uso de las armas en 1945; el movimiento racista discriminador supremacista se ha mantenido; y su gran promotor a nivel mundial es Steve Bannon, quien se ha encargado de promover este sentir y pensar por todo el mundo; el resultado lo vemos hoy reflejado en gobiernos de ultraderecha en buena parte de pa\u00edses (Argentina; Hungr\u00eda, Polonia, Italia; El Salvador, Per\u00fa, Ecuador, Paraguay, entre los m\u00e1s relevantes), y que se ven orgullosos del crecimiento de su filosof\u00eda del regreso al poder para los blancos, supremacistas &#8220;selectivistas&#8221;; que ven la importancia de seleccionar bien la supuesta &#8220;pureza de sangre&#8221;, r\u00e9plica del experimento nazi de querer seleccionar a hombres y mujeres aparentemente muy sanos y hermosos; obviamente blancos para generar la raza que habr\u00eda de gobernar al mundo&#8230;<\/em><\/strong><\/p>\n\n\n\n<p style=\"font-size:25px\"><strong>&#8220;\u00a1Igual que pinki y cerebro!&#8221;<\/strong><\/p>\n\n\n\n<p><strong><em>Nada nuevo estamos presenciando, solamente es el regreso al poder de una corriente social espec\u00edfica que desprecia a los que no son como ellos; que reclama el derecho al regreso del esclavismo como forma de vida en sociedad con los que consideran inferiores; los negros, esclavos; los morenos, sirvientes; los amarillos lejos de ellos, por ser enfermos hep\u00e1ticos (as\u00ed se pensaba en estos grupos desde hace 100 a\u00f1os en los Estados Unidos). Hoy, la lisa de calificativos contra los grupos humanos diferentes a ellos se ha ensanchado; pero la visi\u00f3n sigue siendo la misma; ellos, los supremacistas son mejores que el resto de la humanidad, y su llegada al poder solamente les da la confianza de quitarse la m\u00e1scara de &#8220;buena onda&#8221; que se ensaya en las temporadas de promoci\u00f3n electoral.<\/em><\/strong><\/p>\n\n\n\n<p><strong>Nada nuevo se espera de ellos; solamente que han acumulado m\u00e1s seguidores, o al menos se quitan el disfraz; as\u00ed son ellos.<\/strong><\/p>\n\n\n\n<p><strong>El supremacismo y racismo crece en todo el mundo si duda; para felicidad de la derecha nacional panista.<\/strong><\/p>\n\n\n\n<p><strong><em>Por cierto, y hablando de derecha y sus cr\u00edticas a los programas sociales que se implementan desde la izquierda; le comento algo que sucedi\u00f3 en la semana pasada con la mujer m\u00e1s rica de M\u00e9xico&#8230;, divi\u00e9rtase con las ocurrencias de estos cr\u00edticos de los gobiernos que promueven programas sociales, como el &#8220;malvado AMLO&#8221;, que ya dicen que gobierna desde una cueva en palacio nacional; otros dicen que ya est\u00e1 refugiado en Cuba, otros dir\u00e1n que el muy ladino se est\u00e1 enriqueciendo cobrando su pensi\u00f3n del ISSSTE y su pensi\u00f3n de vejez&#8230;<\/em><\/strong><\/p>\n\n\n\n<p><strong>&#8220;No exagera aquello de que los neoliberales &#8220;no dejaron-ni dejan- piedra sin labrar&#8221;.<\/strong><\/p>\n\n\n\n<p><strong><em>Una muestra: la mujer m\u00e1s rica de M\u00e9xico, Margarita Altagracia Aramburuzabala (6 mil 200 millones de d\u00f3lares de fortuna, seg\u00fan Forbes), se aperson\u00f3 el pasado mi\u00e9rcoles en el m\u00f3dulo Tacubaya (Cerrad Rufino 19) del Instituto Nacional de las Personas Adultas Mayores (Inapam) para tramitar su credencial y obtener descuentos en algunas de sus compras (por ejemplo, 5 por ciento en medicamentos); altavoz de por medio, a las 9 horas fue requerida para entregar la papeler\u00eda solicitada, y listo: asistida por un guardaespaldas, regres\u00f3 al poderoso Mercedes Benz que la transportaba y tom\u00f3 rumbo a sus oficinas en Las Lomas.<\/em><\/strong><\/p>\n\n\n\n<p style=\"font-size:25px\"><strong>\u00a1Felicidades! En poco m\u00e1s de dos a\u00f1os recibir\u00e1 su Pensi\u00f3n del Bienestar y a punto est\u00e1 de hacer lo propio con Mujeres Bienestar.<\/strong><\/p>\n\n\n\n<p><strong>Entonces, no s\u00f3lo Gabriel Quadri&#8221;.<\/strong><\/p>\n\n\n\n<p>Fuente: Carlos Fern\u00e1ndez-Vega; peri\u00f3dico La Jornada, viernes 17 de enero, 2025; pag.18<\/p>\n\n\n\n<p><strong>As\u00ed son, al grito de&#8230;<\/strong><\/p>\n\n\n\n<p><strong>\u00a1Es mi derecho&#8230;!<\/strong><\/p>\n\n\n\n<p><strong>\u00a1Me lo merezco&#8230;!<\/strong><\/p>\n","protected":false},"excerpt":{"rendered":"<p>LA ECONOM\u00cdA Y USTED&#8230; Eliseo Castillo DE TUS MANOS GU\u00cdAS &#8220;Con el encanto de la fiel andanza, \/ confianza que se vive, se alcanza, \/ apenas rozan las m\u00edas, tus seguras manos, \/ cual fiel lazarillo se perfilan, me llevan, \/ amiga desde a\u00f1os, hoy te prodigas, \/ sonr\u00edo mientras bendigo tu presencia, \/ de [&hellip;]<\/p>\n","protected":false},"author":2,"featured_media":10413,"comment_status":"open","ping_status":"open","sticky":false,"template":"","format":"standard","meta":{"footnotes":"","_rishi_post_view_count":507},"categories":[1],"tags":[],"class_list":["post-10412","post","type-post","status-publish","format-standard","has-post-thumbnail","hentry","category-opinion"],"comments_count":"0","_links":{"self":[{"href":"https:\/\/elpregonerodezamora.com\/index.php\/wp-json\/wp\/v2\/posts\/10412","targetHints":{"allow":["GET"]}}],"collection":[{"href":"https:\/\/elpregonerodezamora.com\/index.php\/wp-json\/wp\/v2\/posts"}],"about":[{"href":"https:\/\/elpregonerodezamora.com\/index.php\/wp-json\/wp\/v2\/types\/post"}],"author":[{"embeddable":true,"href":"https:\/\/elpregonerodezamora.com\/index.php\/wp-json\/wp\/v2\/users\/2"}],"replies":[{"embeddable":true,"href":"https:\/\/elpregonerodezamora.com\/index.php\/wp-json\/wp\/v2\/comments?post=10412"}],"version-history":[{"count":1,"href":"https:\/\/elpregonerodezamora.com\/index.php\/wp-json\/wp\/v2\/posts\/10412\/revisions"}],"predecessor-version":[{"id":10414,"href":"https:\/\/elpregonerodezamora.com\/index.php\/wp-json\/wp\/v2\/posts\/10412\/revisions\/10414"}],"wp:featuredmedia":[{"embeddable":true,"href":"https:\/\/elpregonerodezamora.com\/index.php\/wp-json\/wp\/v2\/media\/10413"}],"wp:attachment":[{"href":"https:\/\/elpregonerodezamora.com\/index.php\/wp-json\/wp\/v2\/media?parent=10412"}],"wp:term":[{"taxonomy":"category","embeddable":true,"href":"https:\/\/elpregonerodezamora.com\/index.php\/wp-json\/wp\/v2\/categories?post=10412"},{"taxonomy":"post_tag","embeddable":true,"href":"https:\/\/elpregonerodezamora.com\/index.php\/wp-json\/wp\/v2\/tags?post=10412"}],"curies":[{"name":"wp","href":"https:\/\/api.w.org\/{rel}","templated":true}]}}