{"id":10308,"date":"2024-12-21T00:47:33","date_gmt":"2024-12-21T00:47:33","guid":{"rendered":"https:\/\/elpregonerodezamora.com\/?p=10308"},"modified":"2024-12-21T00:47:34","modified_gmt":"2024-12-21T00:47:34","slug":"impulsa-gobierno-de-tangancicuaro-capacitacion-laboral-de-mujeres-del-municipio","status":"publish","type":"post","link":"https:\/\/elpregonerodezamora.com\/index.php\/2024\/12\/21\/impulsa-gobierno-de-tangancicuaro-capacitacion-laboral-de-mujeres-del-municipio\/","title":{"rendered":"Impulsa Gobierno de Tanganc\u00edcuaro capacitaci\u00f3n laboral de mujeres del municipio"},"content":{"rendered":"\n<p><strong>Redacci\u00f3n \/ El Pregonero TV<\/strong><\/p>\n\n\n\n<p><strong><em>Para fomentar el autoempleo e impulsar la econom\u00eda de las familias de <a href=\"https:\/\/www.facebook.com\/hashtag\/tanganc%C3%ADcuaro?__eep__=6&amp;__cft__[0]=AZWCsxbJnOsqXcCdTI1uFrrnZy015ID4sc5fJGLkjRTQ9KOAw6VckEZw9Ac-mLwNzN4qMw7hR60LzzFikCHk2oHghkUU2UIQWz6nLShQDc0yv01Wg9Ai5AJ_R7vCT_HNt0ayId0m0-Xrpee1fTqmw_pPVcz0DhNH80sN0sv2Cvn9611Lv4-qzvJBOP_WIJVUCHk&amp;__tn__=*NK-R\">#Tanganc\u00edcuaro<\/a>, el Gobierno municipal a trav\u00e9s de la Direcci\u00f3n de la Mujer, realiz\u00f3 la entrega de constancias a las alumnas del Curso de T\u00e9cnicas y Decoraci\u00f3n de U\u00f1as, que impartieron docentes del Instituto de Capacitaci\u00f3n para el Trabajo del Estado de Michoac\u00e1n.<\/em><\/strong><\/p>\n\n\n\n<p style=\"font-size:25px\"><a href=\"https:\/\/www.facebook.com\/hashtag\/municipioqueinspira?__eep__=6&amp;__cft__[0]=AZWCsxbJnOsqXcCdTI1uFrrnZy015ID4sc5fJGLkjRTQ9KOAw6VckEZw9Ac-mLwNzN4qMw7hR60LzzFikCHk2oHghkUU2UIQWz6nLShQDc0yv01Wg9Ai5AJ_R7vCT_HNt0ayId0m0-Xrpee1fTqmw_pPVcz0DhNH80sN0sv2Cvn9611Lv4-qzvJBOP_WIJVUCHk&amp;__tn__=*NK-R\"><strong>#MunicipioQueInspira<\/strong><\/a><\/p>\n","protected":false},"excerpt":{"rendered":"<p>Redacci\u00f3n \/ El Pregonero TV Para fomentar el autoempleo e impulsar la econom\u00eda de las familias de #Tanganc\u00edcuaro, el Gobierno municipal a trav\u00e9s de la Direcci\u00f3n de la Mujer, realiz\u00f3 la entrega de constancias a las alumnas del Curso de T\u00e9cnicas y Decoraci\u00f3n de U\u00f1as, que impartieron docentes del Instituto de Capacitaci\u00f3n para el Trabajo [&hellip;]<\/p>\n","protected":false},"author":2,"featured_media":10309,"comment_status":"open","ping_status":"open","sticky":false,"template":"","format":"standard","meta":{"footnotes":"","_rishi_post_view_count":498},"categories":[30],"tags":[],"class_list":["post-10308","post","type-post","status-publish","format-standard","has-post-thumbnail","hentry","category-tangancicuaro"],"comments_count":"0","_links":{"self":[{"href":"https:\/\/elpregonerodezamora.com\/index.php\/wp-json\/wp\/v2\/posts\/10308","targetHints":{"allow":["GET"]}}],"collection":[{"href":"https:\/\/elpregonerodezamora.com\/index.php\/wp-json\/wp\/v2\/posts"}],"about":[{"href":"https:\/\/elpregonerodezamora.com\/index.php\/wp-json\/wp\/v2\/types\/post"}],"author":[{"embeddable":true,"href":"https:\/\/elpregonerodezamora.com\/index.php\/wp-json\/wp\/v2\/users\/2"}],"replies":[{"embeddable":true,"href":"https:\/\/elpregonerodezamora.com\/index.php\/wp-json\/wp\/v2\/comments?post=10308"}],"version-history":[{"count":1,"href":"https:\/\/elpregonerodezamora.com\/index.php\/wp-json\/wp\/v2\/posts\/10308\/revisions"}],"predecessor-version":[{"id":10310,"href":"https:\/\/elpregonerodezamora.com\/index.php\/wp-json\/wp\/v2\/posts\/10308\/revisions\/10310"}],"wp:featuredmedia":[{"embeddable":true,"href":"https:\/\/elpregonerodezamora.com\/index.php\/wp-json\/wp\/v2\/media\/10309"}],"wp:attachment":[{"href":"https:\/\/elpregonerodezamora.com\/index.php\/wp-json\/wp\/v2\/media?parent=10308"}],"wp:term":[{"taxonomy":"category","embeddable":true,"href":"https:\/\/elpregonerodezamora.com\/index.php\/wp-json\/wp\/v2\/categories?post=10308"},{"taxonomy":"post_tag","embeddable":true,"href":"https:\/\/elpregonerodezamora.com\/index.php\/wp-json\/wp\/v2\/tags?post=10308"}],"curies":[{"name":"wp","href":"https:\/\/api.w.org\/{rel}","templated":true}]}}