{"id":10288,"date":"2024-12-03T17:36:14","date_gmt":"2024-12-03T17:36:14","guid":{"rendered":"https:\/\/elpregonerodezamora.com\/?p=10288"},"modified":"2024-12-03T17:36:15","modified_gmt":"2024-12-03T17:36:15","slug":"cosas-para-reir-y-llorar-pero-ciertas","status":"publish","type":"post","link":"https:\/\/elpregonerodezamora.com\/index.php\/2024\/12\/03\/cosas-para-reir-y-llorar-pero-ciertas\/","title":{"rendered":"COSAS PARA REIR Y LLORAR\u2026 \u00a1PERO CIERTAS!"},"content":{"rendered":"\n<p style=\"font-size:35px\"><strong>LAS PEQUE\u00d1AS COSAS&#8230;<\/strong><\/p>\n\n\n\n<p><strong>Eliseo Castillo<\/strong><\/p>\n\n\n\n<p><\/p>\n\n\n\n<p>                                                         <strong>MANOS QUE ATRAPAN<\/strong><\/p>\n\n\n\n<p class=\"has-text-align-right\"><strong>&#8220;No es que del nido que de por si calienta, \/ me subyugue el deseo de habitarte; \/ silente como siempre, \/ aliento que alimenta, \/ a tus brazos regreso sin cuestionarlo, \/ manos c\u00e1lidas, lugar deseado&#8221;&#8230;el\u00edseo<\/strong><\/p>\n\n\n\n<p style=\"font-size:25px\"><strong>&#8220;Para re\u00edr&#8221;&#8230;<\/strong><\/p>\n\n\n\n<p><strong><em>El presidente norteamericano Joe Biden, durante su campa\u00f1a en 2020, y ante las denuncias en contra de su hijo Hunter; acusado por los republicanos de tener negocios no muy claros con el gobierno de Ucrania (desde entonces&#8230;); reiter\u00f3 sistem\u00e1ticamente que su hijo era objeto de calumnias, por ser quien era; es decir, su hijo; el hijo de un exvicepresidente, y candidato en ese momento.<\/em><\/strong><\/p>\n\n\n\n<p><strong><em>Luego vino la denuncia formal y la citaci\u00f3n por un juez y el resto lo sabemos; armados o no, se le fincaron responsabilidades al joven &#8220;contratista&#8221; (as\u00ed se hacen llamar los que se la pasan haciendo negocios de las guerras que fabrica su pa\u00eds en todo el mundo).<\/em><\/strong><\/p>\n\n\n\n<p><strong>Hasta ayer o antier, Hunter era se\u00f1alado culpable de delitos que ameritan c\u00e1rcel; y ante esta posibilidad, el presidente&#8230; \u00a1su padre! decidi\u00f3 perdonarlo; suscribir un decreto para perdonar sus delitos.<\/strong><\/p>\n\n\n\n<p><strong><em>Cuando en plena precampa\u00f1a fallida del mismo Biden, se le pregunt\u00f3 respecto al juicio contra su hijo; fue enf\u00e1tico&#8230; \u00a1no meter\u00eda las manos como presidente! permitir\u00eda que la justicia hiciera su trabajo y dictara sentencia&#8230;; meses despu\u00e9s ha decidido perdonarlo; y ante la impugnaci\u00f3n en medios; sus argumentos no fueron la idea de que su hijo es inocente o cosas por el estilo; su argumento fue muy simple&#8230;<\/em><\/strong><\/p>\n\n\n\n<p><strong>\u00a1no conf\u00eda en la justicia de su pa\u00eds&#8230;!<\/strong><\/p>\n\n\n\n<p><strong>\u00bfNo nos dijeron y presumieron que los gringos son mejores&#8230;?<\/strong><\/p>\n\n\n\n<p><strong>\u00bfNo quedamos y nos presumen que all\u00e1 las leyes si se cumplen&#8230;?<\/strong><\/p>\n\n\n\n<p style=\"font-size:25px\"><strong>Por cierto&#8230;<\/strong><\/p>\n\n\n\n<p><strong><em>Trump, dentro de sus planes inmediatos es otorgarse un perd\u00f3n por m\u00e1s de treinta delitos que se le se\u00f1alan; y de los que hay pruebas en su contra; incluso en algunos ya est\u00e1 demostrada la denuncia en su contra.<\/em><\/strong><\/p>\n\n\n\n<p><strong><em>Pero adem\u00e1s, durante su campa\u00f1a declar\u00f3 que podr\u00eda perdonar a los presos que intentaron o que tomaron el capitolio luchando en su favor en las elecciones de 2020; cuando rechaz\u00f3 los resultados electorales en favor de Biden&#8230;<\/em><\/strong><\/p>\n\n\n\n<p><strong>\u00a1Y se ven como el modelo de justicia a seguir para el mundo&#8230;!<\/strong><\/p>\n\n\n\n<p><strong><em>\u00a1Un delincuente en la presidencia de los Estados Unidos; y una justicia totalmente controlada por los grupos de poder republicanos, hoy delatados por el propio presidente Biden; que en eso si tiene raz\u00f3n!<\/em><\/strong><\/p>\n\n\n\n<p><strong>Claro que si nos comparamos&#8230;<\/strong><\/p>\n\n\n\n<p><strong><em>Cuando vemos la forma tan vergonzosa con que se manipula la justicia tanto en Estados Unidos como en M\u00e9xico; queda la sensaci\u00f3n de llorar de pena, o re\u00edr de tristeza&#8230;<\/em><\/strong><\/p>\n\n\n\n<p><strong><em>Ver y escuchar a Norma Pi\u00f1a presidenta de la Suprema Corte de Justicia, o del Ministro Aguilar escondiendo los documentos de cobro que debe pagar el grupo Salinas, en lugar de cumplir con la ley, y que \u00e9sta poco recomendable persona pague sus obligaciones.<\/em><\/strong><\/p>\n\n\n\n<p><strong><em>Am\u00e9n de una lista de sandeces en contra del pa\u00eds y su justicia, que juraron respetar y defender; la sola idea de ver a esta se\u00f1ora terriblemente impresentable&#8230;, \u00a1perd\u00f3n, pero que desagradable resulta en cuanto abre la boca&#8230;; y esa persona representa la justicia en M\u00e9xico&#8230;!<\/em><\/strong><\/p>\n\n\n\n<p><strong><em>\u00a1Queda claro por qu\u00e9 terminamos admirando e imitando a corruptos que en los Estados Unidos se ostentan como los paladines de la justicia&#8230;!<\/em><\/strong><\/p>\n\n\n\n<p style=\"font-size:25px\"><strong>La suya, desde luego.<\/strong><\/p>\n\n\n\n<p><strong>Las odiosas e in\u00fatiles obras de AMLO&#8230;<\/strong><\/p>\n\n\n\n<p><strong><em>Ayer lunes, en Versalles, coraz\u00f3n mundial de la est\u00e9tica, arte y belleza fue premiado el aeropuerto Felipe \u00c1ngeles AIFA, por ser uno de los seis aeropuertos m\u00e1s hermosos del mundo&#8230;; si, el mismo que la prensa de derecha nacional calificaba como la nueva &#8220;central avionera&#8221; o &#8220;central camionera&#8221;.<\/em><\/strong><\/p>\n\n\n\n<p><strong><em>Mientras Versalles, coraz\u00f3n del buen gusto, y el refinamiento est\u00e9tico premia la obra generada por su odiado AMLO; estas &#8220;fin\u00edsimas&#8221; personas deben estar repitiendo sus insultos sin m\u00e1s sustento que el odio a quien evidentemente no es igual a ellos&#8230;<\/em><\/strong><\/p>\n\n\n\n<p style=\"font-size:25px\"><strong>Las tres obras in\u00fatiles&#8230; \u00a1muy \u00fatiles!<\/strong><\/p>\n\n\n\n<p><strong>\u00bfHabr\u00e1 alg\u00fan iluso que siga con esta ret\u00f3rica de que son obras in\u00fatiles&#8230;?<\/strong><\/p>\n\n\n\n<p><strong><em>Aunque usted no lo crea, siempre es posible encontrar gente ingenua; a veces buenas personas; pero ingenuas, capaces de creer lo que les repitan y les indiquen defender&#8230;; ya lo ve usted que el &#8220;muy famoso&#8221; periodista Riva Palacio, durante la campa\u00f1a electoral de este a\u00f1o contra Claudia Sheinbaum, se\u00f1al\u00f3 que no importaba la verdad en la informaci\u00f3n; lo que importaba era el resultado&#8230;; \u00a1fieles seguidores del asesor de Hitler (Josep Goebbels)!<\/em><\/strong><\/p>\n\n\n\n<p><strong><em>Y ah\u00ed siguen los resentidos, los ingenuos y los mal orientados tratando de negar lo evidente; las obras in\u00fatiles producen; y son premiadas en el mundo&#8230;<\/em><\/strong><\/p>\n\n\n\n<p style=\"font-size:25px\"><strong>Perd\u00f3n, pero Versalles se cocina en otra parte&#8230;; no apto para ignorantes de la est\u00e9tica y la \u00e9tica de la vida.<\/strong><\/p>\n\n\n\n<p><strong>Le abrazo.<\/strong><\/p>\n","protected":false},"excerpt":{"rendered":"<p>LAS PEQUE\u00d1AS COSAS&#8230; Eliseo Castillo MANOS QUE ATRAPAN &#8220;No es que del nido que de por si calienta, \/ me subyugue el deseo de habitarte; \/ silente como siempre, \/ aliento que alimenta, \/ a tus brazos regreso sin cuestionarlo, \/ manos c\u00e1lidas, lugar deseado&#8221;&#8230;el\u00edseo &#8220;Para re\u00edr&#8221;&#8230; El presidente norteamericano Joe Biden, durante su campa\u00f1a [&hellip;]<\/p>\n","protected":false},"author":2,"featured_media":10289,"comment_status":"open","ping_status":"open","sticky":false,"template":"","format":"standard","meta":{"footnotes":"","_rishi_post_view_count":3975},"categories":[1],"tags":[],"class_list":["post-10288","post","type-post","status-publish","format-standard","has-post-thumbnail","hentry","category-opinion"],"comments_count":"0","_links":{"self":[{"href":"https:\/\/elpregonerodezamora.com\/index.php\/wp-json\/wp\/v2\/posts\/10288","targetHints":{"allow":["GET"]}}],"collection":[{"href":"https:\/\/elpregonerodezamora.com\/index.php\/wp-json\/wp\/v2\/posts"}],"about":[{"href":"https:\/\/elpregonerodezamora.com\/index.php\/wp-json\/wp\/v2\/types\/post"}],"author":[{"embeddable":true,"href":"https:\/\/elpregonerodezamora.com\/index.php\/wp-json\/wp\/v2\/users\/2"}],"replies":[{"embeddable":true,"href":"https:\/\/elpregonerodezamora.com\/index.php\/wp-json\/wp\/v2\/comments?post=10288"}],"version-history":[{"count":1,"href":"https:\/\/elpregonerodezamora.com\/index.php\/wp-json\/wp\/v2\/posts\/10288\/revisions"}],"predecessor-version":[{"id":10290,"href":"https:\/\/elpregonerodezamora.com\/index.php\/wp-json\/wp\/v2\/posts\/10288\/revisions\/10290"}],"wp:featuredmedia":[{"embeddable":true,"href":"https:\/\/elpregonerodezamora.com\/index.php\/wp-json\/wp\/v2\/media\/10289"}],"wp:attachment":[{"href":"https:\/\/elpregonerodezamora.com\/index.php\/wp-json\/wp\/v2\/media?parent=10288"}],"wp:term":[{"taxonomy":"category","embeddable":true,"href":"https:\/\/elpregonerodezamora.com\/index.php\/wp-json\/wp\/v2\/categories?post=10288"},{"taxonomy":"post_tag","embeddable":true,"href":"https:\/\/elpregonerodezamora.com\/index.php\/wp-json\/wp\/v2\/tags?post=10288"}],"curies":[{"name":"wp","href":"https:\/\/api.w.org\/{rel}","templated":true}]}}