{"id":10285,"date":"2024-12-03T02:58:20","date_gmt":"2024-12-03T02:58:20","guid":{"rendered":"https:\/\/elpregonerodezamora.com\/?p=10285"},"modified":"2024-12-03T02:58:21","modified_gmt":"2024-12-03T02:58:21","slug":"trump-y-su-defensa-del-dolar","status":"publish","type":"post","link":"https:\/\/elpregonerodezamora.com\/index.php\/2024\/12\/03\/trump-y-su-defensa-del-dolar\/","title":{"rendered":"TRUMP Y SU DEFENSA DEL D\u00d3LAR"},"content":{"rendered":"\n<p style=\"font-size:35px\"><strong>LA ECONOM\u00cdA Y USTED&#8230;<\/strong><\/p>\n\n\n\n<p><strong>Eliseo Castillo<\/strong><\/p>\n\n\n\n<p><\/p>\n\n\n\n<p>                                                     <strong>NOMBRARTE AMIGA<\/strong><\/p>\n\n\n\n<p><strong><em>&#8220;Cierro los ojos y te miro sin prisa, \/ amiga amante de entonces, de hoy nostalgia, \/ para nombrarte muy firme, no faltan palabras, \/ para mirarte a los ojos, s\u00f3lo falta imaginarte; \/ amor, amiga de entonces, de hoy sin duda, \/ no ser\u00e1 el reproche el que nos una de por vida&#8221;&#8230;el\u00edseo<\/em><\/strong><\/p>\n\n\n\n<p><strong><em>Al grito de el d\u00f3lar es una moneda maravillosa, de un pa\u00eds maravilloso, el candidato electo presidente Donald Trump irrumpe nuevamente con su ya conocida pol\u00edtica de ocurrencias y sandeces propias de un empresario poco escrupuloso a la hora de hablar de pol\u00edtica internacional; entre otras cosas.<\/em><\/strong><\/p>\n\n\n\n<p><strong><em>Durante su primer gobierno (2016-2020) la lista de mentiras y errores (intencionales o no) fue tan grande, que su equipo de mando tuvo que organizar una especie de cacer\u00eda contra los medios que se encargaban de enumerarlas. Pareciera que en cuanto abre la boca, van a saltar de ellas muchos sapos; y, que ninguno va a convertirse en una buena y sensata frase.<\/em><\/strong><\/p>\n\n\n\n<p style=\"font-size:25px\"><strong>Su nueva guerra contra los BRICS.<\/strong><\/p>\n\n\n\n<p><strong><em>Ante los programas de los pa\u00edses agrupados en el bloque llamado BRICS; originalmente formado en 2009 por Rusia, China, Brasil, La India y Sud\u00e1frica; y que hoy se agrega a Egipto, Ir\u00e1n, Etiop\u00eda y Emiratos \u00c1rabes Unidos; m\u00e1s una veintena (al menos) de pa\u00edses que aspiran a ingresar al grupo; y luego de la reuni\u00f3n de Kaz\u00e1n Rusia; el electo presidente norteamericano ha lanzado la amenaza fuera de fundamentos legales o morales, contra estos pa\u00edses para que abandonen la tentaci\u00f3n de dejar de usar el d\u00f3lar americano en sus acuerdos comerciales.<\/em><\/strong><\/p>\n\n\n\n<p><strong><em>Sus palabras a veces rallan en la ingenuidad: a veces en la mentira, pero preocupan, por que son dichas por el hombre que tendr\u00e1 en sus manos el rumbo de la potencia b\u00e9lica m\u00e1s letal del mundo; en pareja bestial con su admirado emperador-presidente ruso Putin&#8230;<\/em><\/strong><\/p>\n\n\n\n<p><strong><em>&#8220;Pedimos que se comprometan (&#8230;) a no crear nunca una nueva moneda del BRICS, y a no respaldar a ninguna otra moneda para remplazar al potente d\u00f3lar estadunidense o enfrentar\u00e1n aranceles de 100%,&#8230;<\/em><\/strong><\/p>\n\n\n\n<p><strong>&#8230;<\/strong><\/p>\n\n\n\n<p><strong><em>\u00a1Deber\u00e1n buscar otro tonto! No hay posibilidades de que el BRICS reemplace al d\u00f3lar estadunidense en el comercio internacional, y cualquier pa\u00eds que lo intente debe decirle adi\u00f3s a Estados Unidos&#8221;.<\/em><\/strong><\/p>\n\n\n\n<p><strong>Fuente: AFP, Washington; citado en peri\u00f3dico La Jornada, domingo 1 de diciembre, de 2024; p\u00e1gina 13.<\/strong><\/p>\n\n\n\n<p><strong>Entre su nivel de ignorancia y soberbia indudable, no toma en cuenta que en realidad estos pa\u00edses ya est\u00e1 intercambiando mercanc\u00edas en sus monedas; por ejemplo, China incrementa sus exportaciones (\u00a1que raro!) con Brasil y el intercambio comercial se documenta en la moneda china (yuan).<\/strong><\/p>\n\n\n\n<p><strong>Desde luego, la idea puede ser afectar a Rusia y sus transacciones internacionales con occidente; ya que sus cuentas en d\u00f3lares fueron congeladas (m\u00e1s de 100 mil millones de d\u00f3lares que tiene en bancos de occidente; en Europa fundamentalmente).<\/strong><\/p>\n\n\n\n<p><strong><em>En realidad nadie est\u00e1 obligado a usar la moneda americana como forma de pago; es convenio internacional de conveniencia; y si no hay una opci\u00f3n que convenza para usar otra moneda, todo est\u00e1 bien: al final lo que importa es la claridad y certeza con que el vendedor entrega su mercanc\u00eda a cambio de una moneda que le de confianza.<\/em><\/strong><\/p>\n\n\n\n<p><strong><em>Desde 1945, el d\u00f3lar ha pasado a ser la moneda de uso m\u00e1s frecuente entre comerciantes el mundo; pero siempre hay opciones a la hora de pagar; si comprador y vendedor llegan a un acuerdo. Simplemente que cada comerciante elije por su seguridad; y desde ese a\u00f1o, con los resultados de la segunda guerra mundial, la moneda americana desplaz\u00f3 progresivamente a la libra esterlina inglesa como la unidad monetaria m\u00e1s usada; pero no significa que dejaran de circular en el mercado internacional monedas importantes como la francesa (franco).<\/em><\/strong><\/p>\n\n\n\n<p><strong><em>Hoy lanzar esa bravata es absurdo; amenazar con aranceles de 100% contra sus mercanc\u00edas peor aun; es de ignorantes de pol\u00edtica geoestrat\u00e9gica, o, definitivamente ser un autentico salvaje de la econom\u00eda.<\/em><\/strong><\/p>\n\n\n\n<p><strong><em>Al margen de que le guste o no, es normal que los gobiernos busquen las mejores opciones para sus empresarios a la hora de comprar y vender sus productos; resulta penoso escuchar a un tipo soberbio usar el poder p\u00fablico para uso personal y para alimentar su ego.<\/em><\/strong><\/p>\n\n\n\n<p><strong><em>Por cierto, su nuevo gran aliado, y hombre m\u00e1s rico del mundo en la actualidad Elon Musk est\u00e1 invirtiendo en criptomonedas&#8230;; y no ha dicho ni hecho nada para evitarlo; como que le falta coherencia en este caso.<\/em><\/strong><\/p>\n\n\n\n<p><strong><em>En fin, el d\u00f3lar no va a desaparecer del mercado internacional por un buen o mal deseo de los pa\u00edses como los BRICS; al menso en el corto y medio plazo no ser\u00e1 posible; no es lo que necesita el comercio internacional (ni me conviene a mi, pues tengo un billete de 2 d\u00f3lares en mi cartera, que me regal\u00f3 pomposamente mi querida Teresa, en una visita de cortes\u00eda desde California; gran regalo desde luego; por lo que no me conviene que esta moneda pierda su poder).<\/em><\/strong><\/p>\n\n\n\n<p><strong>Lo dem\u00e1s pareciera que son bravatas fuera de raz\u00f3n y l\u00f3gica.<\/strong><\/p>\n\n\n\n<p style=\"font-size:25px\"><strong>\u00a1Ah, el poder ensoberbece a muchos, a otros hasta los apendeja&#8230;!<\/strong><\/p>\n\n\n\n<p><strong>Le abrazo.<\/strong><\/p>\n\n\n\n<figure class=\"wp-block-embed\"><div class=\"wp-block-embed__wrapper\">\nhttps:\/\/elpregonerodezamora.com\n<\/div><\/figure>\n\n\n\n<p><a href=\"https:\/\/www.facebook.com\/photo\/?fbid=869331075368726&amp;set=a.370963018538870&amp;__cft__[0]=AZW_PzkMXDEZymUYkDipLJhHxpogeKTTp7wcOoVcH2FzGDP98zas7Lf44EjWp6TS7eLuoX-K_UPWyysO7A8sLe6Yi2XeKe11P7kvHDHqzosGFUQuAIJOrY-b425724qPgrM6zhxZKHL04KmNVDoOdymqDR7rrA-CmWd9gOfBTXfoYa_XtNgL-2wzvwr--f1un4k&amp;__tn__=EH-R\"><\/a><\/p>\n\n\n\n<figure class=\"wp-block-image\"><a href=\"https:\/\/www.facebook.com\/photo\/?fbid=869331075368726&amp;set=a.370963018538870&amp;__cft__[0]=AZW_PzkMXDEZymUYkDipLJhHxpogeKTTp7wcOoVcH2FzGDP98zas7Lf44EjWp6TS7eLuoX-K_UPWyysO7A8sLe6Yi2XeKe11P7kvHDHqzosGFUQuAIJOrY-b425724qPgrM6zhxZKHL04KmNVDoOdymqDR7rrA-CmWd9gOfBTXfoYa_XtNgL-2wzvwr--f1un4k&amp;__tn__=EH-R\"><img decoding=\"async\" src=\"https:\/\/scontent.fzmm2-1.fna.fbcdn.net\/v\/t39.30808-6\/468358864_869331085368725_2690049255548282958_n.jpg?_nc_cat=109&amp;ccb=1-7&amp;_nc_sid=127cfc&amp;_nc_eui2=AeFYd6fSNkeVIvj14Zi_JDYwEp0dIAIkADMSnR0gAiQAM-8ENe2pHIZzIrcp7gCcjiDHQZmlw5Brrz5_6ZZ8_yOy&amp;_nc_ohc=edM7tpf7_TAQ7kNvgF8JBXI&amp;_nc_zt=23&amp;_nc_ht=scontent.fzmm2-1.fna&amp;_nc_gid=AB6ZC2QNjMbNrYFYP1_2Eg8&amp;oh=00_AYAzEzDUjrUlyHdsBaSkvDnb4OeNrBiSky4BzcXYJXLE6w&amp;oe=6754412E\" alt=\"Puede ser una imagen de 1 persona, dinero y texto\"\/><\/a><\/figure>\n","protected":false},"excerpt":{"rendered":"<p>LA ECONOM\u00cdA Y USTED&#8230; Eliseo Castillo NOMBRARTE AMIGA &#8220;Cierro los ojos y te miro sin prisa, \/ amiga amante de entonces, de hoy nostalgia, \/ para nombrarte muy firme, no faltan palabras, \/ para mirarte a los ojos, s\u00f3lo falta imaginarte; \/ amor, amiga de entonces, de hoy sin duda, \/ no ser\u00e1 el reproche [&hellip;]<\/p>\n","protected":false},"author":2,"featured_media":10286,"comment_status":"open","ping_status":"open","sticky":false,"template":"","format":"standard","meta":{"footnotes":"","_rishi_post_view_count":3054},"categories":[1],"tags":[],"class_list":["post-10285","post","type-post","status-publish","format-standard","has-post-thumbnail","hentry","category-opinion"],"comments_count":"0","_links":{"self":[{"href":"https:\/\/elpregonerodezamora.com\/index.php\/wp-json\/wp\/v2\/posts\/10285","targetHints":{"allow":["GET"]}}],"collection":[{"href":"https:\/\/elpregonerodezamora.com\/index.php\/wp-json\/wp\/v2\/posts"}],"about":[{"href":"https:\/\/elpregonerodezamora.com\/index.php\/wp-json\/wp\/v2\/types\/post"}],"author":[{"embeddable":true,"href":"https:\/\/elpregonerodezamora.com\/index.php\/wp-json\/wp\/v2\/users\/2"}],"replies":[{"embeddable":true,"href":"https:\/\/elpregonerodezamora.com\/index.php\/wp-json\/wp\/v2\/comments?post=10285"}],"version-history":[{"count":1,"href":"https:\/\/elpregonerodezamora.com\/index.php\/wp-json\/wp\/v2\/posts\/10285\/revisions"}],"predecessor-version":[{"id":10287,"href":"https:\/\/elpregonerodezamora.com\/index.php\/wp-json\/wp\/v2\/posts\/10285\/revisions\/10287"}],"wp:featuredmedia":[{"embeddable":true,"href":"https:\/\/elpregonerodezamora.com\/index.php\/wp-json\/wp\/v2\/media\/10286"}],"wp:attachment":[{"href":"https:\/\/elpregonerodezamora.com\/index.php\/wp-json\/wp\/v2\/media?parent=10285"}],"wp:term":[{"taxonomy":"category","embeddable":true,"href":"https:\/\/elpregonerodezamora.com\/index.php\/wp-json\/wp\/v2\/categories?post=10285"},{"taxonomy":"post_tag","embeddable":true,"href":"https:\/\/elpregonerodezamora.com\/index.php\/wp-json\/wp\/v2\/tags?post=10285"}],"curies":[{"name":"wp","href":"https:\/\/api.w.org\/{rel}","templated":true}]}}