{"id":10282,"date":"2024-11-28T00:36:09","date_gmt":"2024-11-28T00:36:09","guid":{"rendered":"https:\/\/elpregonerodezamora.com\/?p=10282"},"modified":"2024-11-28T00:36:09","modified_gmt":"2024-11-28T00:36:09","slug":"momentos-infames-de-canallas","status":"publish","type":"post","link":"https:\/\/elpregonerodezamora.com\/index.php\/2024\/11\/28\/momentos-infames-de-canallas\/","title":{"rendered":"MOMENTOS INFAMES DE CANALLAS&#8230;"},"content":{"rendered":"\n<p style=\"font-size:35px\"><strong>LA ECONOM\u00cdA Y USTED&#8230;<\/strong><\/p>\n\n\n\n<p><strong>Eliseo Castillo<\/strong><\/p>\n\n\n\n<p><\/p>\n\n\n\n<p>                                                       <strong>AMIGA DE HOY<\/strong><\/p>\n\n\n\n<p class=\"has-text-align-right\"><strong><em>&#8220;Con la pasi\u00f3n y el encanto de esta vida, \/ tiempo de emociones rescatan sus pesares, \/ con el gusto de vivir de amor amiga, \/ suelto mil palabras y pasiones que te alcanzan, \/ de amor ayer, de hoy compa\u00f1era; \/ con tal de estar de tu camino a lado, \/ sin reproches ni temor, tiendo mi mano&#8221;&#8230;el\u00edseo<\/em><\/strong><\/p>\n\n\n\n<p style=\"font-size:25px\"><strong>La infamia desde los Estados Unidos&#8230;, avalada por algunos mexicanos&#8230;<\/strong><\/p>\n\n\n\n<p><strong><em>El impresentable Donald Trump anuncia que va a castigar a M\u00e9xico, Canad\u00e1 y China con aranceles a sus productos, acus\u00e1ndoles de lastimar a la econom\u00eda norteamericana vendiendo por debajo del precio &#8220;normal&#8221;.<\/em><\/strong><\/p>\n\n\n\n<p><strong><em>Nada nuevo; esto lo ha repetido el gobierno norteamericano cada que no puede competir con alg\u00fan socio comercial. Lo hizo de manera parecida en los a\u00f1os ochenta y noventa del siglo pasado, cuando en una reuni\u00f3n entre empresarios japoneses y americanos en Tokio; los segundos se quejaron de las pr\u00e1cticas desleales de los productores de coches japoneses, acus\u00e1ndoles de abaratar artificialmente el precio de sus coches.<\/em><\/strong><\/p>\n\n\n\n<p><strong>Los orgullosos empresarios americanos quej\u00e1ndose en Tokio, contra sus pares japoneses.<\/strong><\/p>\n\n\n\n<p><strong><em>Por cierto, el l\u00edder moral de los americanos, Lee Iacoca, fue muy claro ante los lamentos de sus colegas; los areng\u00f3 para que dejaran de quejarse y llorar como Magdalenas (no recuerdo si los llam\u00f3 Magdalenas o pla\u00f1ideras); y les pidi\u00f3 que reconocieran que en realidad los japoneses estaban ofreciendo coches mejor construidos y a 500 d\u00f3lares menos que los americanos (500 d\u00f3lares de aquellos a\u00f1os; que pueden equipararse con m\u00e1s de 2000 o 3000 mil actuales).<\/em><\/strong><\/p>\n\n\n\n<p><strong><em>En esos a\u00f1os, se negoci\u00f3 el TLC con M\u00e9xico y Canad\u00e1, de esta forma se buscaba controlar la regi\u00f3n para sus intereses; de tal forma que dependieran cada vez menos de los japoneses&#8230; \u00a1nadie imaginaba la aplanadora china que vivimos y padecemos hoy!<\/em><\/strong><\/p>\n\n\n\n<p><strong><em>Trump no dice nada nuevo; est\u00e1 usando su clasismo y racismos para alimentar el rencor del americano blanco; al margen de que muchos latinos ya lo apoyaron abiertamente&#8230;; \u00a1y la derecha mexicana que le pide que castigue a M\u00e9xico, incluso invadi\u00e9ndolo.<\/em><\/strong><\/p>\n\n\n\n<p style=\"font-size:25px\"><strong>Traidores de M\u00e9xico confesos&#8230;; peor a\u00fan, ignorantes con poder&#8230;<\/strong><\/p>\n\n\n\n<p><strong>Nos comenta Miguel \u00c1ngel Vel\u00e1zquez en su columna de ayer martes 26 de noviembre de 2024&#8230;<\/strong><\/p>\n\n\n\n<p><strong><em>&#8220;Ayer por la tarde escuch\u00e9 la voz de la se\u00f1ora Norma Pi\u00f1a, la misma que por el voto c\u00f3mplice de la banda de la toga se convirti\u00f3 en presidenta de la Suprema Corte de Justicia de la Naci\u00f3n, en una entrevista en la que sin ning\u00fan recato se\u00f1al\u00f3, palabras m\u00e1s o menos, que el Poder Judicial, como se encuentra ahora, es el \u00fanico en oponerse al poder p\u00fablico.<\/em><\/strong><\/p>\n\n\n\n<p><strong><em>As\u00ed nada m\u00e1s, la se\u00f1ora desnuda la entra\u00f1a de su idea de justicia que, como lo muestran los ejemplos exhibidos en todos lados con pruebas controvertibles, van en contra de los intereses de las mayor\u00edas&#8221;.<\/em><\/strong><\/p>\n\n\n\n<p><strong>Fuente: Miguel \u00c1ngel Vel\u00e1zquez; peri\u00f3dico La Jornada, martes 26 de noviembre 2024; pag.28<\/strong><\/p>\n\n\n\n<p><strong><em>Imag\u00ednese, la presidenta de la Suprema Corte de Justicia deslind\u00e1ndose de su obligaci\u00f3n de ser representante de la justicia para el pa\u00eds; se\u00f1alando que son, por el contrario enemigos del pueblo; y obviamente c\u00f3mplices de los intereses de quien pueda pagar sus ambiciones&#8230;<\/em><\/strong><\/p>\n\n\n\n<p><strong><em>Por eso se entiende tanto coraje contra la reforma del sistema judicial por el mandato popular; desde su evidente cortedad intelectual comete la ingenua o mala intenci\u00f3n se se\u00f1alarse como contenci\u00f3n contra las decisiones del pueblo al que jur\u00f3 representar e impartir justicia.<\/em><\/strong><\/p>\n\n\n\n<p><strong>Bueno, realmente personas de su estatura intelectual son una afrenta a la idea de justicia y sabidur\u00eda&#8230;<\/strong><\/p>\n\n\n\n<p><strong>Cinismo, y tiempo de canallas sin duda.<\/strong><\/p>\n\n\n\n<p><strong>Le abrazo.<\/strong><\/p>\n\n\n\n<p><\/p>\n","protected":false},"excerpt":{"rendered":"<p>LA ECONOM\u00cdA Y USTED&#8230; Eliseo Castillo AMIGA DE HOY &#8220;Con la pasi\u00f3n y el encanto de esta vida, \/ tiempo de emociones rescatan sus pesares, \/ con el gusto de vivir de amor amiga, \/ suelto mil palabras y pasiones que te alcanzan, \/ de amor ayer, de hoy compa\u00f1era; \/ con tal de estar [&hellip;]<\/p>\n","protected":false},"author":2,"featured_media":10283,"comment_status":"open","ping_status":"open","sticky":false,"template":"","format":"standard","meta":{"footnotes":"","_rishi_post_view_count":571},"categories":[1],"tags":[],"class_list":["post-10282","post","type-post","status-publish","format-standard","has-post-thumbnail","hentry","category-opinion"],"comments_count":"0","_links":{"self":[{"href":"https:\/\/elpregonerodezamora.com\/index.php\/wp-json\/wp\/v2\/posts\/10282","targetHints":{"allow":["GET"]}}],"collection":[{"href":"https:\/\/elpregonerodezamora.com\/index.php\/wp-json\/wp\/v2\/posts"}],"about":[{"href":"https:\/\/elpregonerodezamora.com\/index.php\/wp-json\/wp\/v2\/types\/post"}],"author":[{"embeddable":true,"href":"https:\/\/elpregonerodezamora.com\/index.php\/wp-json\/wp\/v2\/users\/2"}],"replies":[{"embeddable":true,"href":"https:\/\/elpregonerodezamora.com\/index.php\/wp-json\/wp\/v2\/comments?post=10282"}],"version-history":[{"count":1,"href":"https:\/\/elpregonerodezamora.com\/index.php\/wp-json\/wp\/v2\/posts\/10282\/revisions"}],"predecessor-version":[{"id":10284,"href":"https:\/\/elpregonerodezamora.com\/index.php\/wp-json\/wp\/v2\/posts\/10282\/revisions\/10284"}],"wp:featuredmedia":[{"embeddable":true,"href":"https:\/\/elpregonerodezamora.com\/index.php\/wp-json\/wp\/v2\/media\/10283"}],"wp:attachment":[{"href":"https:\/\/elpregonerodezamora.com\/index.php\/wp-json\/wp\/v2\/media?parent=10282"}],"wp:term":[{"taxonomy":"category","embeddable":true,"href":"https:\/\/elpregonerodezamora.com\/index.php\/wp-json\/wp\/v2\/categories?post=10282"},{"taxonomy":"post_tag","embeddable":true,"href":"https:\/\/elpregonerodezamora.com\/index.php\/wp-json\/wp\/v2\/tags?post=10282"}],"curies":[{"name":"wp","href":"https:\/\/api.w.org\/{rel}","templated":true}]}}