{"id":10266,"date":"2024-11-21T23:56:30","date_gmt":"2024-11-21T23:56:30","guid":{"rendered":"https:\/\/elpregonerodezamora.com\/?p=10266"},"modified":"2024-11-21T23:56:30","modified_gmt":"2024-11-21T23:56:30","slug":"ya-vienen-los-gigantes","status":"publish","type":"post","link":"https:\/\/elpregonerodezamora.com\/index.php\/2024\/11\/21\/ya-vienen-los-gigantes\/","title":{"rendered":"\u00a1YA VIENEN LOS GIGANTES..!"},"content":{"rendered":"\n<p><strong><em>Filarm\u00f3nicos festejan a Santa Cecilia, su patrona&#8230;una tradici\u00f3n zamorana que data de los a\u00f1os 40 cuando iniciar\u00e1n el recorrido con mojigangas por las calles de Zamora&#8230;esto tambi\u00e9n conocidos por la chiquiller\u00eda como &#8220;Los gigantes&#8221; partes del bullicioso barrio de los Mariachis (A Nervo y Galeana)&#8230;Ya por la noche, varios grupos musicales deleitar\u00e1n a los asistentes con su m\u00fasica&#8230;Cabe destacar que a las 12 de la medianoche, le cantan las ma\u00f1anitas a la Patrona Santa Cecilia, para el d\u00eda 22 llevar la imagen a la iglesia de Los Dolores, donde se oficia una misa acompa\u00f1ada de mariachis&#8230;<\/em><\/strong><\/p>\n\n\n\n<p><strong>https:<a href=\"https:\/\/l.facebook.com\/l.php?u=http%3A%2F%2Felpregonerodezamora.com%2F%3Ffbclid%3DIwZXh0bgNhZW0CMTAAAR13ZiiD4M4q5yLUxAyu8SlQTkN5345L7U2_8e0pRXd6riPFg0jrswPM1ts_aem_ERVQEWzODd3_66Q5_SHIpg&amp;h=AT3XBgHyTODxVus_5mPJ9xYEF3FaxmnUvydX-a4QS7OOSP2rNctX4Jlq0a5k2_6YsGKA5HicDMV2415g9xdLIxKfunV5gCb96yfSYcJED955_yJ9y1tj97dSQ-vNf2Rg_rZH&amp;__tn__=-UK-R&amp;c[0]=AT1vbWirw4n_pZl5Vhfn9yKRACqkG3nzAPcxaKU5jlyiZMLGOK5x0H2Bz7y3205FHfrpVffxHFhLT6q74jC0ZuJ9Ml_VrF3DZHenG7Drn1kTHDhm0DZVl1BDpvSrfxkBgH0g5LzHu-dmNsCPpiC0yEZIqYoREw8WzUzCsAtp3h7US-5wFMo_KGxClonfsfhLrwnXKEnhbSu-XJ6Prx2N5dfZ-tV2CQ7xMp0vYA\" target=\"_blank\" rel=\"noreferrer noopener\">elpregonerodezamora.com\/<\/a><\/strong><\/p>\n","protected":false},"excerpt":{"rendered":"<p>Filarm\u00f3nicos festejan a Santa Cecilia, su patrona&#8230;una tradici\u00f3n zamorana que data de los a\u00f1os 40 cuando iniciar\u00e1n el recorrido con mojigangas por las calles de Zamora&#8230;esto tambi\u00e9n conocidos por la chiquiller\u00eda como &#8220;Los gigantes&#8221; partes del bullicioso barrio de los Mariachis (A Nervo y Galeana)&#8230;Ya por la noche, varios grupos musicales deleitar\u00e1n a los asistentes [&hellip;]<\/p>\n","protected":false},"author":2,"featured_media":10267,"comment_status":"open","ping_status":"open","sticky":false,"template":"","format":"standard","meta":{"footnotes":"","_rishi_post_view_count":722},"categories":[8],"tags":[],"class_list":["post-10266","post","type-post","status-publish","format-standard","has-post-thumbnail","hentry","category-zamora"],"comments_count":"0","_links":{"self":[{"href":"https:\/\/elpregonerodezamora.com\/index.php\/wp-json\/wp\/v2\/posts\/10266","targetHints":{"allow":["GET"]}}],"collection":[{"href":"https:\/\/elpregonerodezamora.com\/index.php\/wp-json\/wp\/v2\/posts"}],"about":[{"href":"https:\/\/elpregonerodezamora.com\/index.php\/wp-json\/wp\/v2\/types\/post"}],"author":[{"embeddable":true,"href":"https:\/\/elpregonerodezamora.com\/index.php\/wp-json\/wp\/v2\/users\/2"}],"replies":[{"embeddable":true,"href":"https:\/\/elpregonerodezamora.com\/index.php\/wp-json\/wp\/v2\/comments?post=10266"}],"version-history":[{"count":1,"href":"https:\/\/elpregonerodezamora.com\/index.php\/wp-json\/wp\/v2\/posts\/10266\/revisions"}],"predecessor-version":[{"id":10268,"href":"https:\/\/elpregonerodezamora.com\/index.php\/wp-json\/wp\/v2\/posts\/10266\/revisions\/10268"}],"wp:featuredmedia":[{"embeddable":true,"href":"https:\/\/elpregonerodezamora.com\/index.php\/wp-json\/wp\/v2\/media\/10267"}],"wp:attachment":[{"href":"https:\/\/elpregonerodezamora.com\/index.php\/wp-json\/wp\/v2\/media?parent=10266"}],"wp:term":[{"taxonomy":"category","embeddable":true,"href":"https:\/\/elpregonerodezamora.com\/index.php\/wp-json\/wp\/v2\/categories?post=10266"},{"taxonomy":"post_tag","embeddable":true,"href":"https:\/\/elpregonerodezamora.com\/index.php\/wp-json\/wp\/v2\/tags?post=10266"}],"curies":[{"name":"wp","href":"https:\/\/api.w.org\/{rel}","templated":true}]}}