{"id":10263,"date":"2024-11-21T23:51:33","date_gmt":"2024-11-21T23:51:33","guid":{"rendered":"https:\/\/elpregonerodezamora.com\/?p=10263"},"modified":"2024-11-21T23:51:33","modified_gmt":"2024-11-21T23:51:33","slug":"alcalde-arturo-hernandez-inaugura-el-primer-punto-violeta-en-tangancicuaro","status":"publish","type":"post","link":"https:\/\/elpregonerodezamora.com\/index.php\/2024\/11\/21\/alcalde-arturo-hernandez-inaugura-el-primer-punto-violeta-en-tangancicuaro\/","title":{"rendered":"ALCALDE ARTURO HERN\u00c1NDEZ INAUGURA EL PRIMER &#8220;PUNTO VIOLETA&#8221; EN TANGANC\u00cdCUARO"},"content":{"rendered":"\n<p><strong>Redacci\u00f3n \/ El Pregonero TV<\/strong><\/p>\n\n\n\n<p><strong><em>Tanganc\u00edcuaro, Mich., 21\/Nov\/2024.- Con el firme objetivo de crear entornos mas seguros para las mujeres de <a href=\"https:\/\/www.facebook.com\/hashtag\/tanganc%C3%ADcuaro?__eep__=6&amp;__cft__[0]=AZXTPPzCcbDkj5iPU6ZCUQm3xuNxmrmOCtmB1ltXov6nWDGG5JHsEqfJEk2OzXnZeSaZJpYewR7cxR60n70AsI8eGP23gaPAV9szykSJ0k8K36h3LBIDWtbpFSNDxjSlnltNW0gSPJ_YM_2G8IUVoYyTcVECcLG9ezlQJFtUAMR5mg&amp;__tn__=*NK-R\">#Tanganc\u00edcuaro<\/a> y sus comunidades, el Presidente, Arturo Hern\u00e1ndez, inaugur\u00f3 el primer \u201cPunto Violeta\u201d en el municipio, espacio ubicado en la calle Carlos Salazar #219 en la colonia Centro, que contar\u00e1 con un equipo multidisciplinario para atender, canalizar y dar seguimiento, a las victimas de violencia de genero.<\/em><\/strong><\/p>\n\n\n\n<p><strong><em>Durante su intervenci\u00f3n, el Alcalde resalt\u00f3 que la erradicaci\u00f3n de la violencia de g\u00e9nero, es y ser\u00e1 un tema de atenci\u00f3n prioritaria para su gobierno, muestra de ello, la inauguraci\u00f3n del punto violeta, un espacio seguro para todas las mujeres del municipio, donde las resguardar\u00e1n y les brindar\u00e1n atenci\u00f3n m\u00e9dica integral, asesor\u00eda jur\u00eddica y psicol\u00f3gica, as\u00ed como apoyo alimentario durante su estancia.<\/em><\/strong><\/p>\n","protected":false},"excerpt":{"rendered":"<p>Redacci\u00f3n \/ El Pregonero TV Tanganc\u00edcuaro, Mich., 21\/Nov\/2024.- Con el firme objetivo de crear entornos mas seguros para las mujeres de #Tanganc\u00edcuaro y sus comunidades, el Presidente, Arturo Hern\u00e1ndez, inaugur\u00f3 el primer \u201cPunto Violeta\u201d en el municipio, espacio ubicado en la calle Carlos Salazar #219 en la colonia Centro, que contar\u00e1 con un equipo multidisciplinario [&hellip;]<\/p>\n","protected":false},"author":2,"featured_media":10264,"comment_status":"open","ping_status":"open","sticky":false,"template":"","format":"standard","meta":{"footnotes":"","_rishi_post_view_count":740},"categories":[30],"tags":[],"class_list":["post-10263","post","type-post","status-publish","format-standard","has-post-thumbnail","hentry","category-tangancicuaro"],"comments_count":"0","_links":{"self":[{"href":"https:\/\/elpregonerodezamora.com\/index.php\/wp-json\/wp\/v2\/posts\/10263","targetHints":{"allow":["GET"]}}],"collection":[{"href":"https:\/\/elpregonerodezamora.com\/index.php\/wp-json\/wp\/v2\/posts"}],"about":[{"href":"https:\/\/elpregonerodezamora.com\/index.php\/wp-json\/wp\/v2\/types\/post"}],"author":[{"embeddable":true,"href":"https:\/\/elpregonerodezamora.com\/index.php\/wp-json\/wp\/v2\/users\/2"}],"replies":[{"embeddable":true,"href":"https:\/\/elpregonerodezamora.com\/index.php\/wp-json\/wp\/v2\/comments?post=10263"}],"version-history":[{"count":1,"href":"https:\/\/elpregonerodezamora.com\/index.php\/wp-json\/wp\/v2\/posts\/10263\/revisions"}],"predecessor-version":[{"id":10265,"href":"https:\/\/elpregonerodezamora.com\/index.php\/wp-json\/wp\/v2\/posts\/10263\/revisions\/10265"}],"wp:featuredmedia":[{"embeddable":true,"href":"https:\/\/elpregonerodezamora.com\/index.php\/wp-json\/wp\/v2\/media\/10264"}],"wp:attachment":[{"href":"https:\/\/elpregonerodezamora.com\/index.php\/wp-json\/wp\/v2\/media?parent=10263"}],"wp:term":[{"taxonomy":"category","embeddable":true,"href":"https:\/\/elpregonerodezamora.com\/index.php\/wp-json\/wp\/v2\/categories?post=10263"},{"taxonomy":"post_tag","embeddable":true,"href":"https:\/\/elpregonerodezamora.com\/index.php\/wp-json\/wp\/v2\/tags?post=10263"}],"curies":[{"name":"wp","href":"https:\/\/api.w.org\/{rel}","templated":true}]}}