{"id":10246,"date":"2024-11-21T00:04:15","date_gmt":"2024-11-21T00:04:15","guid":{"rendered":"https:\/\/elpregonerodezamora.com\/?p=10246"},"modified":"2024-11-21T00:04:15","modified_gmt":"2024-11-21T00:04:15","slug":"realizan-acto-civico-conmemorativo-al-114-aniversario-de-la-revolucion-mexicana-en-tangancicuaro","status":"publish","type":"post","link":"https:\/\/elpregonerodezamora.com\/index.php\/2024\/11\/21\/realizan-acto-civico-conmemorativo-al-114-aniversario-de-la-revolucion-mexicana-en-tangancicuaro\/","title":{"rendered":"Realizan acto c\u00edvico conmemorativo al 114 aniversario de la Revoluci\u00f3n Mexicana en Tanganc\u00edcuaro."},"content":{"rendered":"\n<figure class=\"wp-block-image size-full\"><img loading=\"lazy\" decoding=\"async\" width=\"720\" height=\"480\" src=\"https:\/\/elpregonerodezamora.com\/wp-content\/uploads\/2024\/11\/DESFILETANGAS.jpg\" alt=\"\" class=\"wp-image-10248\" srcset=\"https:\/\/elpregonerodezamora.com\/wp-content\/uploads\/2024\/11\/DESFILETANGAS.jpg 720w, https:\/\/elpregonerodezamora.com\/wp-content\/uploads\/2024\/11\/DESFILETANGAS-300x200.jpg 300w\" sizes=\"auto, (max-width: 720px) 100vw, 720px\" \/><\/figure>\n\n\n\n<p><strong>Tanganc\u00edcuaro, 20\/noviembre\/2024.-<\/strong> <strong><em>En el marco del 20 de noviembre, autoridades de <a href=\"https:\/\/www.facebook.com\/hashtag\/tanganc%C3%ADcuaro?__eep__=6&amp;__cft__[0]=AZWAHTFYw9RiJLMlzxkkkR8u99555ImslG2mFrP6w74QN39aWX4IN16CeothqCQKkmpzeqKvLYuAAuNeZCwx93Wmr3IZVy51yT0_l67hTlG61JwV2D_z3iQKlqxusZbwSowMCk-Whckjn36A6O0RjM65EwTPlYy7XsfAktJe1ONHyQHf8VbJjaDcf7XBSsngNBY&amp;__tn__=*NK-R\">#Tanganc\u00edcuaro<\/a> encabezadas por el Presidente, Arturo Hern\u00e1ndez, estuvieron presentes en el activo c\u00edvico conmemorativo al 114 aniversario de la Revoluci\u00f3n Mexicana, en el que participaron alumnos de algunas instituciones educativas del municipio.<\/em><\/strong><\/p>\n\n\n\n<figure class=\"wp-block-image size-full\"><img loading=\"lazy\" decoding=\"async\" width=\"720\" height=\"480\" src=\"https:\/\/elpregonerodezamora.com\/wp-content\/uploads\/2024\/11\/DESFILETANGAS-2.jpg\" alt=\"\" class=\"wp-image-10247\" srcset=\"https:\/\/elpregonerodezamora.com\/wp-content\/uploads\/2024\/11\/DESFILETANGAS-2.jpg 720w, https:\/\/elpregonerodezamora.com\/wp-content\/uploads\/2024\/11\/DESFILETANGAS-2-300x200.jpg 300w\" sizes=\"auto, (max-width: 720px) 100vw, 720px\" \/><\/figure>\n\n\n\n<p><a href=\"https:\/\/www.facebook.com\/hashtag\/municipioqueinspira?__eep__=6&amp;__cft__[0]=AZWAHTFYw9RiJLMlzxkkkR8u99555ImslG2mFrP6w74QN39aWX4IN16CeothqCQKkmpzeqKvLYuAAuNeZCwx93Wmr3IZVy51yT0_l67hTlG61JwV2D_z3iQKlqxusZbwSowMCk-Whckjn36A6O0RjM65EwTPlYy7XsfAktJe1ONHyQHf8VbJjaDcf7XBSsngNBY&amp;__tn__=*NK-R\"><strong>#MunicipioQueInspira<\/strong><\/a><\/p>\n","protected":false},"excerpt":{"rendered":"<p>Tanganc\u00edcuaro, 20\/noviembre\/2024.- En el marco del 20 de noviembre, autoridades de #Tanganc\u00edcuaro encabezadas por el Presidente, Arturo Hern\u00e1ndez, estuvieron presentes en el activo c\u00edvico conmemorativo al 114 aniversario de la Revoluci\u00f3n Mexicana, en el que participaron alumnos de algunas instituciones educativas del municipio. #MunicipioQueInspira<\/p>\n","protected":false},"author":2,"featured_media":10249,"comment_status":"open","ping_status":"open","sticky":false,"template":"","format":"standard","meta":{"footnotes":"","_rishi_post_view_count":704},"categories":[30],"tags":[],"class_list":["post-10246","post","type-post","status-publish","format-standard","has-post-thumbnail","hentry","category-tangancicuaro"],"comments_count":"0","_links":{"self":[{"href":"https:\/\/elpregonerodezamora.com\/index.php\/wp-json\/wp\/v2\/posts\/10246","targetHints":{"allow":["GET"]}}],"collection":[{"href":"https:\/\/elpregonerodezamora.com\/index.php\/wp-json\/wp\/v2\/posts"}],"about":[{"href":"https:\/\/elpregonerodezamora.com\/index.php\/wp-json\/wp\/v2\/types\/post"}],"author":[{"embeddable":true,"href":"https:\/\/elpregonerodezamora.com\/index.php\/wp-json\/wp\/v2\/users\/2"}],"replies":[{"embeddable":true,"href":"https:\/\/elpregonerodezamora.com\/index.php\/wp-json\/wp\/v2\/comments?post=10246"}],"version-history":[{"count":1,"href":"https:\/\/elpregonerodezamora.com\/index.php\/wp-json\/wp\/v2\/posts\/10246\/revisions"}],"predecessor-version":[{"id":10250,"href":"https:\/\/elpregonerodezamora.com\/index.php\/wp-json\/wp\/v2\/posts\/10246\/revisions\/10250"}],"wp:featuredmedia":[{"embeddable":true,"href":"https:\/\/elpregonerodezamora.com\/index.php\/wp-json\/wp\/v2\/media\/10249"}],"wp:attachment":[{"href":"https:\/\/elpregonerodezamora.com\/index.php\/wp-json\/wp\/v2\/media?parent=10246"}],"wp:term":[{"taxonomy":"category","embeddable":true,"href":"https:\/\/elpregonerodezamora.com\/index.php\/wp-json\/wp\/v2\/categories?post=10246"},{"taxonomy":"post_tag","embeddable":true,"href":"https:\/\/elpregonerodezamora.com\/index.php\/wp-json\/wp\/v2\/tags?post=10246"}],"curies":[{"name":"wp","href":"https:\/\/api.w.org\/{rel}","templated":true}]}}