{"id":10240,"date":"2024-11-20T23:54:23","date_gmt":"2024-11-20T23:54:23","guid":{"rendered":"https:\/\/elpregonerodezamora.com\/?p=10240"},"modified":"2024-11-20T23:54:24","modified_gmt":"2024-11-20T23:54:24","slug":"autoridades-municipales-conmemoraron-el-cxiv-aniversario-del-inicio-de-la-revolucion-mexicana","status":"publish","type":"post","link":"https:\/\/elpregonerodezamora.com\/index.php\/2024\/11\/20\/autoridades-municipales-conmemoraron-el-cxiv-aniversario-del-inicio-de-la-revolucion-mexicana\/","title":{"rendered":"Autoridades Municipales conmemoraron el CXIV aniversario del inicio de la Revoluci\u00f3n Mexicana"},"content":{"rendered":"\n<p><strong>Redacci\u00f3n \/ El Pregonero TV<\/strong><\/p>\n\n\n\n<p><strong>Zamora, Michoac\u00e1n a 20 de noviembre de 2024.- Con la participaci\u00f3n de 97 contingentes representativos de escuelas, organizaciones deportivas, clubes, academias e instituciones de auxilio, el Gobierno local llev\u00f3 a cabo el tradicional desfile c\u00edvico-deportivo del 20 de Noviembre, para conmemorar el CXIV Aniversario del inicio de la Revoluci\u00f3n Mexicana.<\/strong><\/p>\n\n\n\n<p><strong>A partir de las 8:45 de la ma\u00f1ana, previo al inicio de la marcha, el presidente, Carlos Soto Delgado e integrantes del Ayuntamiento, rindieron los honores a la Bandera Nacional, con los respectivos toques de ordenanza, en las inmediaciones del Monumento a Benito Ju\u00e1rez.<\/strong><\/p>\n\n\n\n<p><strong>Los contingentes, encabezados por la avanzada que conformaba le Escolta de la Universidad Michoacana y la nada de guerra del Instituto Tecnol\u00f3gico de Estudios Superiores de Zamora (ITESZ), funcionarios municipales y reina y princesas de las Fiestas Patrias, iniciaron su recorrido por la avenida Ju\u00e1rez y doblaron por la calle Morelos hasta el cruce con la r\u00faa Leonardo Castellanos.<\/strong><\/p>\n\n\n\n<p><strong>En la plaza principal, el presidente, Carlos Soto Delgado y los regidores estuvieron saludando a cada una de las agrupaciones que realizaron la marcha y que presentaron diversas actividades deportivas, recreativas, f\u00edsicas, de destreza y habilidades a su paso por las calles.<\/strong><\/p>\n\n\n\n<p><strong>En el tradicional desfile c\u00edvico-deportivo participaron escuelas de educaci\u00f3n especial, secundarias generales y t\u00e9cnicas, preparatorias, institutos y centros de capacitaci\u00f3n, escuelas, clubes, academias de baile y deportivas, as\u00ed como dependencias de auxilio y salvamento.<\/strong><\/p>\n\n\n\n<p><strong>El parte informativo que se present\u00f3 al t\u00e9rmino de la marcha por parte de la Direcci\u00f3n de Educaci\u00f3n, y Cultura, Direcci\u00f3n de Deportes y la Jefatura del Sector 13 de Educaci\u00f3n F\u00edsica, destac\u00f3 la intervenci\u00f3n de 3,975 elementos a pie, 4 banderas, 4 bandas de guerra, 2 bandas de m\u00fasica, 62 equinos y 5 canes.<\/strong><\/p>\n\n\n\n<p><a href=\"https:\/\/www.facebook.com\/photo\/?fbid=861291286172705&amp;set=pcb.861292016172632&amp;__cft__[0]=AZVMpTc42CkH7ig_VP0riEUMcsyYmX8FBKb1wUJi8zmbRtftYnNPxM42-7O1aucUw06gnJ1T9hoGqAGf-_LO-emTzInFLY5yrcdpjneLjdOiex2MPsH9cezb_n0-XM6xzc-MxsZFfmzS2flx42RuxqV_hvGpiRDEo_3oCMq5-bD2ZVETxUBdZfAKHeTmLz70SJM&amp;__tn__=*bH-R\"><\/a><\/p>\n\n\n\n<figure class=\"wp-block-image\"><a href=\"https:\/\/www.facebook.com\/photo\/?fbid=861291286172705&amp;set=pcb.861292016172632&amp;__cft__[0]=AZVMpTc42CkH7ig_VP0riEUMcsyYmX8FBKb1wUJi8zmbRtftYnNPxM42-7O1aucUw06gnJ1T9hoGqAGf-_LO-emTzInFLY5yrcdpjneLjdOiex2MPsH9cezb_n0-XM6xzc-MxsZFfmzS2flx42RuxqV_hvGpiRDEo_3oCMq5-bD2ZVETxUBdZfAKHeTmLz70SJM&amp;__tn__=*bH-R\"><img decoding=\"async\" src=\"https:\/\/scontent.fzmm2-1.fna.fbcdn.net\/v\/t39.30808-6\/467151759_861291289506038_255754989493989694_n.jpg?stp=dst-jpg_p526x395&amp;_nc_cat=106&amp;ccb=1-7&amp;_nc_sid=127cfc&amp;_nc_ohc=Jtk6maE4DfEQ7kNvgGpiVhx&amp;_nc_zt=23&amp;_nc_ht=scontent.fzmm2-1.fna&amp;_nc_gid=Akb9ZsCUDO-9aKdMJICbe18&amp;oh=00_AYBeObnvNa-Ce8dCiun1EX0lmAOeYxm4MzZT_N2X1YGqTw&amp;oe=6744575F\" alt=\"\"\/><\/a><\/figure>\n\n\n\n<p><a href=\"https:\/\/www.facebook.com\/photo\/?fbid=861291362839364&amp;set=pcb.861292016172632&amp;__cft__[0]=AZVMpTc42CkH7ig_VP0riEUMcsyYmX8FBKb1wUJi8zmbRtftYnNPxM42-7O1aucUw06gnJ1T9hoGqAGf-_LO-emTzInFLY5yrcdpjneLjdOiex2MPsH9cezb_n0-XM6xzc-MxsZFfmzS2flx42RuxqV_hvGpiRDEo_3oCMq5-bD2ZVETxUBdZfAKHeTmLz70SJM&amp;__tn__=*bH-R\"><\/a><\/p>\n\n\n\n<figure class=\"wp-block-image\"><a href=\"https:\/\/www.facebook.com\/photo\/?fbid=861291362839364&amp;set=pcb.861292016172632&amp;__cft__[0]=AZVMpTc42CkH7ig_VP0riEUMcsyYmX8FBKb1wUJi8zmbRtftYnNPxM42-7O1aucUw06gnJ1T9hoGqAGf-_LO-emTzInFLY5yrcdpjneLjdOiex2MPsH9cezb_n0-XM6xzc-MxsZFfmzS2flx42RuxqV_hvGpiRDEo_3oCMq5-bD2ZVETxUBdZfAKHeTmLz70SJM&amp;__tn__=*bH-R\"><img decoding=\"async\" src=\"https:\/\/scontent.fzmm2-1.fna.fbcdn.net\/v\/t39.30808-6\/466738602_861291366172697_5708394281185866487_n.jpg?stp=dst-jpg_p526x395&amp;_nc_cat=100&amp;ccb=1-7&amp;_nc_sid=127cfc&amp;_nc_ohc=zY352c8jN98Q7kNvgFD6BLp&amp;_nc_zt=23&amp;_nc_ht=scontent.fzmm2-1.fna&amp;_nc_gid=Akb9ZsCUDO-9aKdMJICbe18&amp;oh=00_AYDxHiOM_tZEGhMMpfzWopAoXLq-G7E9PX9k7neh_RiIFw&amp;oe=67445A69\" alt=\"\"\/><\/a><\/figure>\n\n\n\n<p><a href=\"https:\/\/www.facebook.com\/photo\/?fbid=861291409506026&amp;set=pcb.861292016172632&amp;__cft__[0]=AZVMpTc42CkH7ig_VP0riEUMcsyYmX8FBKb1wUJi8zmbRtftYnNPxM42-7O1aucUw06gnJ1T9hoGqAGf-_LO-emTzInFLY5yrcdpjneLjdOiex2MPsH9cezb_n0-XM6xzc-MxsZFfmzS2flx42RuxqV_hvGpiRDEo_3oCMq5-bD2ZVETxUBdZfAKHeTmLz70SJM&amp;__tn__=*bH-R\"><\/a><\/p>\n\n\n\n<figure class=\"wp-block-image\"><a href=\"https:\/\/www.facebook.com\/photo\/?fbid=861291409506026&amp;set=pcb.861292016172632&amp;__cft__[0]=AZVMpTc42CkH7ig_VP0riEUMcsyYmX8FBKb1wUJi8zmbRtftYnNPxM42-7O1aucUw06gnJ1T9hoGqAGf-_LO-emTzInFLY5yrcdpjneLjdOiex2MPsH9cezb_n0-XM6xzc-MxsZFfmzS2flx42RuxqV_hvGpiRDEo_3oCMq5-bD2ZVETxUBdZfAKHeTmLz70SJM&amp;__tn__=*bH-R\"><img decoding=\"async\" src=\"https:\/\/scontent.fzmm2-1.fna.fbcdn.net\/v\/t39.30808-6\/467439529_861291412839359_5970141800447443929_n.jpg?stp=dst-jpg_p526x395&amp;_nc_cat=103&amp;ccb=1-7&amp;_nc_sid=127cfc&amp;_nc_ohc=raQnKtPBytUQ7kNvgHF_I5S&amp;_nc_zt=23&amp;_nc_ht=scontent.fzmm2-1.fna&amp;_nc_gid=Akb9ZsCUDO-9aKdMJICbe18&amp;oh=00_AYA6fh5n7xt2GNRknq8HBvKv0A8EDykCMtcTQ_cGFBoTRg&amp;oe=67443C79\" alt=\"\"\/><\/a><\/figure>\n\n\n\n<p><a href=\"https:\/\/www.facebook.com\/photo\/?fbid=861291506172683&amp;set=pcb.861292016172632&amp;__cft__[0]=AZVMpTc42CkH7ig_VP0riEUMcsyYmX8FBKb1wUJi8zmbRtftYnNPxM42-7O1aucUw06gnJ1T9hoGqAGf-_LO-emTzInFLY5yrcdpjneLjdOiex2MPsH9cezb_n0-XM6xzc-MxsZFfmzS2flx42RuxqV_hvGpiRDEo_3oCMq5-bD2ZVETxUBdZfAKHeTmLz70SJM&amp;__tn__=*bH-R\"><\/a><\/p>\n\n\n\n<figure class=\"wp-block-image\"><a href=\"https:\/\/www.facebook.com\/photo\/?fbid=861291506172683&amp;set=pcb.861292016172632&amp;__cft__[0]=AZVMpTc42CkH7ig_VP0riEUMcsyYmX8FBKb1wUJi8zmbRtftYnNPxM42-7O1aucUw06gnJ1T9hoGqAGf-_LO-emTzInFLY5yrcdpjneLjdOiex2MPsH9cezb_n0-XM6xzc-MxsZFfmzS2flx42RuxqV_hvGpiRDEo_3oCMq5-bD2ZVETxUBdZfAKHeTmLz70SJM&amp;__tn__=*bH-R\"><img decoding=\"async\" src=\"https:\/\/scontent.fzmm2-1.fna.fbcdn.net\/v\/t39.30808-6\/467569645_861291509506016_6741890154668147563_n.jpg?stp=dst-jpg_p526x395&amp;_nc_cat=100&amp;ccb=1-7&amp;_nc_sid=127cfc&amp;_nc_ohc=boYi44x-Zs8Q7kNvgFl2lDT&amp;_nc_zt=23&amp;_nc_ht=scontent.fzmm2-1.fna&amp;_nc_gid=Akb9ZsCUDO-9aKdMJICbe18&amp;oh=00_AYAVJfxhCsjqtXJrgNGKFL6cw-FrOuMVoiQTpXX8y-UGyA&amp;oe=67443A3C\" alt=\"\"\/><\/a><\/figure>\n\n\n\n<p><a href=\"https:\/\/www.facebook.com\/photo\/?fbid=861291572839343&amp;set=pcb.861292016172632&amp;__cft__[0]=AZVMpTc42CkH7ig_VP0riEUMcsyYmX8FBKb1wUJi8zmbRtftYnNPxM42-7O1aucUw06gnJ1T9hoGqAGf-_LO-emTzInFLY5yrcdpjneLjdOiex2MPsH9cezb_n0-XM6xzc-MxsZFfmzS2flx42RuxqV_hvGpiRDEo_3oCMq5-bD2ZVETxUBdZfAKHeTmLz70SJM&amp;__tn__=*bH-R\"><\/a><\/p>\n\n\n\n<figure class=\"wp-block-image\"><a href=\"https:\/\/www.facebook.com\/photo\/?fbid=861291572839343&amp;set=pcb.861292016172632&amp;__cft__[0]=AZVMpTc42CkH7ig_VP0riEUMcsyYmX8FBKb1wUJi8zmbRtftYnNPxM42-7O1aucUw06gnJ1T9hoGqAGf-_LO-emTzInFLY5yrcdpjneLjdOiex2MPsH9cezb_n0-XM6xzc-MxsZFfmzS2flx42RuxqV_hvGpiRDEo_3oCMq5-bD2ZVETxUBdZfAKHeTmLz70SJM&amp;__tn__=*bH-R\"><img decoding=\"async\" src=\"https:\/\/scontent.fzmm2-1.fna.fbcdn.net\/v\/t39.30808-6\/467525339_861291576172676_5864383612917131225_n.jpg?stp=dst-jpg_p526x395&amp;_nc_cat=103&amp;ccb=1-7&amp;_nc_sid=127cfc&amp;_nc_ohc=LL31LvIiRX4Q7kNvgEtvCmb&amp;_nc_zt=23&amp;_nc_ht=scontent.fzmm2-1.fna&amp;_nc_gid=Akb9ZsCUDO-9aKdMJICbe18&amp;oh=00_AYBbSG3Em1mvzXhpeKjQ6wGyW_HjUJyNKciX115IF3PbKQ&amp;oe=674446D6\" alt=\"\"\/><\/a><\/figure>\n\n\n\n<p><a href=\"https:\/\/www.facebook.com\/photo\/?fbid=861291572839343&amp;set=pcb.861292016172632&amp;__cft__[0]=AZVMpTc42CkH7ig_VP0riEUMcsyYmX8FBKb1wUJi8zmbRtftYnNPxM42-7O1aucUw06gnJ1T9hoGqAGf-_LO-emTzInFLY5yrcdpjneLjdOiex2MPsH9cezb_n0-XM6xzc-MxsZFfmzS2flx42RuxqV_hvGpiRDEo_3oCMq5-bD2ZVETxUBdZfAKHeTmLz70SJM&amp;__tn__=*bH-R\">+5<\/a><\/p>\n","protected":false},"excerpt":{"rendered":"<p>Redacci\u00f3n \/ El Pregonero TV Zamora, Michoac\u00e1n a 20 de noviembre de 2024.- Con la participaci\u00f3n de 97 contingentes representativos de escuelas, organizaciones deportivas, clubes, academias e instituciones de auxilio, el Gobierno local llev\u00f3 a cabo el tradicional desfile c\u00edvico-deportivo del 20 de Noviembre, para conmemorar el CXIV Aniversario del inicio de la Revoluci\u00f3n Mexicana. [&hellip;]<\/p>\n","protected":false},"author":2,"featured_media":10241,"comment_status":"open","ping_status":"open","sticky":false,"template":"","format":"standard","meta":{"footnotes":"","_rishi_post_view_count":723},"categories":[8],"tags":[],"class_list":["post-10240","post","type-post","status-publish","format-standard","has-post-thumbnail","hentry","category-zamora"],"comments_count":"0","_links":{"self":[{"href":"https:\/\/elpregonerodezamora.com\/index.php\/wp-json\/wp\/v2\/posts\/10240","targetHints":{"allow":["GET"]}}],"collection":[{"href":"https:\/\/elpregonerodezamora.com\/index.php\/wp-json\/wp\/v2\/posts"}],"about":[{"href":"https:\/\/elpregonerodezamora.com\/index.php\/wp-json\/wp\/v2\/types\/post"}],"author":[{"embeddable":true,"href":"https:\/\/elpregonerodezamora.com\/index.php\/wp-json\/wp\/v2\/users\/2"}],"replies":[{"embeddable":true,"href":"https:\/\/elpregonerodezamora.com\/index.php\/wp-json\/wp\/v2\/comments?post=10240"}],"version-history":[{"count":1,"href":"https:\/\/elpregonerodezamora.com\/index.php\/wp-json\/wp\/v2\/posts\/10240\/revisions"}],"predecessor-version":[{"id":10242,"href":"https:\/\/elpregonerodezamora.com\/index.php\/wp-json\/wp\/v2\/posts\/10240\/revisions\/10242"}],"wp:featuredmedia":[{"embeddable":true,"href":"https:\/\/elpregonerodezamora.com\/index.php\/wp-json\/wp\/v2\/media\/10241"}],"wp:attachment":[{"href":"https:\/\/elpregonerodezamora.com\/index.php\/wp-json\/wp\/v2\/media?parent=10240"}],"wp:term":[{"taxonomy":"category","embeddable":true,"href":"https:\/\/elpregonerodezamora.com\/index.php\/wp-json\/wp\/v2\/categories?post=10240"},{"taxonomy":"post_tag","embeddable":true,"href":"https:\/\/elpregonerodezamora.com\/index.php\/wp-json\/wp\/v2\/tags?post=10240"}],"curies":[{"name":"wp","href":"https:\/\/api.w.org\/{rel}","templated":true}]}}