{"id":10203,"date":"2024-11-14T23:15:12","date_gmt":"2024-11-14T23:15:12","guid":{"rendered":"https:\/\/elpregonerodezamora.com\/?p=10203"},"modified":"2024-11-14T23:15:13","modified_gmt":"2024-11-14T23:15:13","slug":"jovenes-jaconenses-acuden-a-la-feria-del-empleo","status":"publish","type":"post","link":"https:\/\/elpregonerodezamora.com\/index.php\/2024\/11\/14\/jovenes-jaconenses-acuden-a-la-feria-del-empleo\/","title":{"rendered":"J\u00d3VENES JACONENSES ACUDEN A LA FERIA DEL EMPLEO"},"content":{"rendered":"\n<p><strong>Redacci\u00f3n \/ El Pregonero TV<\/strong><\/p>\n\n\n\n<p><strong><em>Jacona, Mich., 14\/noviembre\/2024.- Con \u00e9xito se desarrolla la Feria del Empleo y Jornada de Reclutamiento Laboral, organizada por el Gobierno de Jacona, el Servicio Nacional del Empleo y la Secretar\u00eda de Desarrollo Econ\u00f3mico del Gobierno de Michoac\u00e1n, la cual tiene lugar en la la plaza principal y continuar\u00e1 activa hasta las 14:00 horas. Se ofertan decenas de puestos de trabajo de un importante n\u00famero de empresas de la localidad y la regi\u00f3n.<\/em><\/strong><\/p>\n\n\n\n<p style=\"font-size:25px\"><a href=\"https:\/\/www.facebook.com\/hashtag\/continuanloslogrosenjacona?__eep__=6&amp;__cft__[0]=AZViUJSIGS1_BbuxztX3ZkH23-zrtzColAe457cRSTzBS2lGiGM8zQh-JNdwV5Z3NcbMEs9V2bkm41-Y-z1HW5WRHX3u9liU70hnfoE4YLjZ1FVGPO8cRsiNlk_y8Hj6P6o1VS1ZWp0Lieq1rRBOhfqKT236MEeRpeBxBEW3VtL9gQ&amp;__tn__=*NK-R\"><strong>#ContinuanLosLogrosEnJacona<\/strong><\/a><\/p>\n","protected":false},"excerpt":{"rendered":"<p>Redacci\u00f3n \/ El Pregonero TV Jacona, Mich., 14\/noviembre\/2024.- Con \u00e9xito se desarrolla la Feria del Empleo y Jornada de Reclutamiento Laboral, organizada por el Gobierno de Jacona, el Servicio Nacional del Empleo y la Secretar\u00eda de Desarrollo Econ\u00f3mico del Gobierno de Michoac\u00e1n, la cual tiene lugar en la la plaza principal y continuar\u00e1 activa hasta [&hellip;]<\/p>\n","protected":false},"author":2,"featured_media":10204,"comment_status":"open","ping_status":"open","sticky":false,"template":"","format":"standard","meta":{"footnotes":"","_rishi_post_view_count":567},"categories":[12],"tags":[],"class_list":["post-10203","post","type-post","status-publish","format-standard","has-post-thumbnail","hentry","category-jacona"],"comments_count":"0","_links":{"self":[{"href":"https:\/\/elpregonerodezamora.com\/index.php\/wp-json\/wp\/v2\/posts\/10203","targetHints":{"allow":["GET"]}}],"collection":[{"href":"https:\/\/elpregonerodezamora.com\/index.php\/wp-json\/wp\/v2\/posts"}],"about":[{"href":"https:\/\/elpregonerodezamora.com\/index.php\/wp-json\/wp\/v2\/types\/post"}],"author":[{"embeddable":true,"href":"https:\/\/elpregonerodezamora.com\/index.php\/wp-json\/wp\/v2\/users\/2"}],"replies":[{"embeddable":true,"href":"https:\/\/elpregonerodezamora.com\/index.php\/wp-json\/wp\/v2\/comments?post=10203"}],"version-history":[{"count":1,"href":"https:\/\/elpregonerodezamora.com\/index.php\/wp-json\/wp\/v2\/posts\/10203\/revisions"}],"predecessor-version":[{"id":10205,"href":"https:\/\/elpregonerodezamora.com\/index.php\/wp-json\/wp\/v2\/posts\/10203\/revisions\/10205"}],"wp:featuredmedia":[{"embeddable":true,"href":"https:\/\/elpregonerodezamora.com\/index.php\/wp-json\/wp\/v2\/media\/10204"}],"wp:attachment":[{"href":"https:\/\/elpregonerodezamora.com\/index.php\/wp-json\/wp\/v2\/media?parent=10203"}],"wp:term":[{"taxonomy":"category","embeddable":true,"href":"https:\/\/elpregonerodezamora.com\/index.php\/wp-json\/wp\/v2\/categories?post=10203"},{"taxonomy":"post_tag","embeddable":true,"href":"https:\/\/elpregonerodezamora.com\/index.php\/wp-json\/wp\/v2\/tags?post=10203"}],"curies":[{"name":"wp","href":"https:\/\/api.w.org\/{rel}","templated":true}]}}