{"id":10193,"date":"2024-11-13T18:39:24","date_gmt":"2024-11-13T18:39:24","guid":{"rendered":"https:\/\/elpregonerodezamora.com\/?p=10193"},"modified":"2024-11-13T18:39:25","modified_gmt":"2024-11-13T18:39:25","slug":"dia-mundial-de-la-diabetes","status":"publish","type":"post","link":"https:\/\/elpregonerodezamora.com\/index.php\/2024\/11\/13\/dia-mundial-de-la-diabetes\/","title":{"rendered":"\u00a1D\u00cdA MUNDIAL DE LA DIABETES!"},"content":{"rendered":"\n<p><strong>Redacci\u00f3n \/ El Pregonero TV<\/strong><\/p>\n\n\n\n<p><strong><em>Este 14 de noviembre, El Sistema DIF Jacona invita a unirte a nosotros para conmemorar esta fecha tan importante en donde realizaremos diversas actividades con el objetivo de crear conciencia sobre la diabetes, su prevenci\u00f3n y manejo.<\/em><\/strong><\/p>\n\n\n\n<p style=\"font-size:25px\"><img loading=\"lazy\" decoding=\"async\" height=\"16\" width=\"16\" src=\"https:\/\/static.xx.fbcdn.net\/images\/emoji.php\/v9\/tf3\/1\/16\/1f539.png\" alt=\"\ud83d\udd39\"><strong>Charla informativa<\/strong><\/p>\n\n\n\n<p style=\"font-size:25px\"><img loading=\"lazy\" decoding=\"async\" height=\"16\" width=\"16\" src=\"https:\/\/static.xx.fbcdn.net\/images\/emoji.php\/v9\/tf3\/1\/16\/1f539.png\" alt=\"\ud83d\udd39\"> <strong>Examen de glucosa gratuito<\/strong><\/p>\n\n\n\n<p style=\"font-size:25px\"><img loading=\"lazy\" decoding=\"async\" height=\"16\" width=\"16\" src=\"https:\/\/static.xx.fbcdn.net\/images\/emoji.php\/v9\/tf3\/1\/16\/1f539.png\" alt=\"\ud83d\udd39\"> <strong>Toma de peso y talla<\/strong><\/p>\n\n\n\n<p style=\"font-size:25px\"><img loading=\"lazy\" decoding=\"async\" height=\"16\" width=\"16\" src=\"https:\/\/static.xx.fbcdn.net\/images\/emoji.php\/v9\/tf3\/1\/16\/1f539.png\" alt=\"\ud83d\udd39\"> <strong>Vacunaci\u00f3n: INFLUENZA, COVID, VPH, ANTIG\u00c9NO PROST\u00c1TICO<\/strong><\/p>\n\n\n\n<p style=\"font-size:25px\"><img loading=\"lazy\" decoding=\"async\" height=\"16\" width=\"16\" src=\"https:\/\/static.xx.fbcdn.net\/images\/emoji.php\/v9\/tf3\/1\/16\/1f539.png\" alt=\"\ud83d\udd39\"><strong> Atenci\u00f3n nutricional<\/strong><\/p>\n\n\n\n<p style=\"font-size:3px\"><img loading=\"lazy\" decoding=\"async\" height=\"16\" width=\"16\" src=\"https:\/\/static.xx.fbcdn.net\/images\/emoji.php\/v9\/t2d\/1\/16\/1f4cd.png\" alt=\"\ud83d\udccd\"><strong> Lugar: ARRANQUE PLAZA PRINCIPAL DE JACONA A SISTEMA DIF JACONA.<\/strong><\/p>\n\n\n\n<p><strong><img loading=\"lazy\" decoding=\"async\" height=\"16\" width=\"16\" src=\"https:\/\/static.xx.fbcdn.net\/images\/emoji.php\/v9\/taa\/1\/16\/1f552.png\" alt=\"\ud83d\udd52\"> Hora: 9:00 am<\/strong><\/p>\n\n\n\n<p style=\"font-size:25px\"><img loading=\"lazy\" decoding=\"async\" height=\"16\" width=\"16\" src=\"https:\/\/static.xx.fbcdn.net\/images\/emoji.php\/v9\/t6c\/1\/16\/1f499.png\" alt=\"\ud83d\udc99\"> <strong>Cuidar tu salud es lo m\u00e1s importante.<\/strong><\/p>\n\n\n\n<p><strong>\u00a1Te esperamos!<\/strong><\/p>\n\n\n\n<p><a href=\"https:\/\/www.facebook.com\/hashtag\/juntosporamoralafamilia?__eep__=6&amp;__cft__[0]=AZUA2NAvahOdEBpr7u507DQPLWIjCZi4cptT_o0b4EMHkiQypl8UBKm-wRGmmtLVXaiEdVpzy1TUAePCW1Ib58a6PKeGlNn0Zdx-r4QhdtO8iiJKkhLifwuq-3Ptl6AIX0S-FZM3mDtUnLMMlAzIbOkuUxnOFUnwT7dzDd1_-dWKaQ&amp;__tn__=*NK-R\">#JuntosPorAmorALaFamilia<\/a><a href=\"https:\/\/www.facebook.com\/hashtag\/d%C3%ADamundialdeladiabetes?__eep__=6&amp;__cft__[0]=AZUA2NAvahOdEBpr7u507DQPLWIjCZi4cptT_o0b4EMHkiQypl8UBKm-wRGmmtLVXaiEdVpzy1TUAePCW1Ib58a6PKeGlNn0Zdx-r4QhdtO8iiJKkhLifwuq-3Ptl6AIX0S-FZM3mDtUnLMMlAzIbOkuUxnOFUnwT7dzDd1_-dWKaQ&amp;__tn__=*NK-R\">#D\u00edaMundialDeLaDiabetes<\/a><\/p>\n\n\n\n<p><a href=\"https:\/\/www.facebook.com\/hashtag\/continuanloslogrosenjacona?__eep__=6&amp;__cft__[0]=AZUA2NAvahOdEBpr7u507DQPLWIjCZi4cptT_o0b4EMHkiQypl8UBKm-wRGmmtLVXaiEdVpzy1TUAePCW1Ib58a6PKeGlNn0Zdx-r4QhdtO8iiJKkhLifwuq-3Ptl6AIX0S-FZM3mDtUnLMMlAzIbOkuUxnOFUnwT7dzDd1_-dWKaQ&amp;__tn__=*NK-R\">#ContinuanLosLogrosEnJacona<\/a><\/p>\n","protected":false},"excerpt":{"rendered":"<p>Redacci\u00f3n \/ El Pregonero TV Este 14 de noviembre, El Sistema DIF Jacona invita a unirte a nosotros para conmemorar esta fecha tan importante en donde realizaremos diversas actividades con el objetivo de crear conciencia sobre la diabetes, su prevenci\u00f3n y manejo. Charla informativa Examen de glucosa gratuito Toma de peso y talla Vacunaci\u00f3n: INFLUENZA, [&hellip;]<\/p>\n","protected":false},"author":2,"featured_media":10194,"comment_status":"open","ping_status":"open","sticky":false,"template":"","format":"standard","meta":{"footnotes":"","_rishi_post_view_count":537},"categories":[12],"tags":[],"class_list":["post-10193","post","type-post","status-publish","format-standard","has-post-thumbnail","hentry","category-jacona"],"comments_count":"0","_links":{"self":[{"href":"https:\/\/elpregonerodezamora.com\/index.php\/wp-json\/wp\/v2\/posts\/10193","targetHints":{"allow":["GET"]}}],"collection":[{"href":"https:\/\/elpregonerodezamora.com\/index.php\/wp-json\/wp\/v2\/posts"}],"about":[{"href":"https:\/\/elpregonerodezamora.com\/index.php\/wp-json\/wp\/v2\/types\/post"}],"author":[{"embeddable":true,"href":"https:\/\/elpregonerodezamora.com\/index.php\/wp-json\/wp\/v2\/users\/2"}],"replies":[{"embeddable":true,"href":"https:\/\/elpregonerodezamora.com\/index.php\/wp-json\/wp\/v2\/comments?post=10193"}],"version-history":[{"count":1,"href":"https:\/\/elpregonerodezamora.com\/index.php\/wp-json\/wp\/v2\/posts\/10193\/revisions"}],"predecessor-version":[{"id":10195,"href":"https:\/\/elpregonerodezamora.com\/index.php\/wp-json\/wp\/v2\/posts\/10193\/revisions\/10195"}],"wp:featuredmedia":[{"embeddable":true,"href":"https:\/\/elpregonerodezamora.com\/index.php\/wp-json\/wp\/v2\/media\/10194"}],"wp:attachment":[{"href":"https:\/\/elpregonerodezamora.com\/index.php\/wp-json\/wp\/v2\/media?parent=10193"}],"wp:term":[{"taxonomy":"category","embeddable":true,"href":"https:\/\/elpregonerodezamora.com\/index.php\/wp-json\/wp\/v2\/categories?post=10193"},{"taxonomy":"post_tag","embeddable":true,"href":"https:\/\/elpregonerodezamora.com\/index.php\/wp-json\/wp\/v2\/tags?post=10193"}],"curies":[{"name":"wp","href":"https:\/\/api.w.org\/{rel}","templated":true}]}}