{"id":10177,"date":"2024-11-11T18:15:28","date_gmt":"2024-11-11T18:15:28","guid":{"rendered":"https:\/\/elpregonerodezamora.com\/?p=10177"},"modified":"2024-11-11T18:15:29","modified_gmt":"2024-11-11T18:15:29","slug":"hoy-11-de-noviembre-lxxxiv-aniversario-de-la-fundacion-de-zamora","status":"publish","type":"post","link":"https:\/\/elpregonerodezamora.com\/index.php\/2024\/11\/11\/hoy-11-de-noviembre-lxxxiv-aniversario-de-la-fundacion-de-zamora\/","title":{"rendered":"\u00a1HOY 11 DE NOVIEMBRE LXXXIV ANIVERSARIO DE LA FUNDACI\u00d3N DE ZAMORA&#8230;!"},"content":{"rendered":"\n<p><strong><em>* En 1840 se pone la primera piedra de la Catedral de Zamora. * Un 11 de noviembre de 1944 se inaugura la XEZM * 11 de Noviembre de 1940, en ungido en Zamora como obispo Coadjuctor de Morelia a don Salvador Mart\u00ednez Silva * El Patr\u00f3n de Zamora es el obispo San Mart\u00edn de Tours, que este 11 de noviembre se celebra en Catedral&#8230; * 11 de Noviembre de 1940 los zamoranos celebraron jubiloso el IV Centenario de la fundaci\u00f3n de Zamora&#8230;\u00bfCoincidencias de fechas o casualidades..?<\/em><\/strong><\/p>\n\n\n\n<p><\/p>\n\n\n\n<p><strong>Redacci\u00f3n \/ El Pregonero TV<\/strong><\/p>\n\n\n\n<p><\/p>\n\n\n\n<p><strong>Zamora, Mich., 11\/noviembre\/2024.- Hist\u00f3rica y relevante imagen donde el periodista y cronista Enrique Covarrubias Maga\u00f1a, director del Pregonero de Zamora y Pregonero TV, adem\u00e1s de Presidente de la Asociaci\u00f3n de Periodistas del Valle de Zamora, A.C., (ASPEVAZA), y el director de la revista Gaceta del Valle de Zamora, muestran la placa de Fundaci\u00f3n de Zamora, Michoac\u00e1n, donde se puede leer:<\/strong><\/p>\n\n\n\n<p style=\"font-size:25px\"><strong>&#8220;FIESTAS DEL IV CENTENARIO DE LA FUNDACI\u00d3N DE LA CIUDAD DE ZAMORA, MICH., 1540-1940&#8221;<\/strong><\/p>\n\n\n\n<p><strong>Dicha placa estaba colocada en una de las pilastras a la entrada de la Santa Iglesia Catedral de Zamora&#8230;Y que fue arrancada dentro del trienio 1999-2001, del citado lugar para &#8220;tirarla&#8221; donde se reguardaban los camiones recolectores de basura y peltrechos del municipio.<\/strong><\/p>\n\n\n\n<p><strong>Personas del propio Ayto., que aman la verdad, la recuperaron y entregaron a don Quique Covarrubias para que la mostrar\u00e1 al Dr Flavio Anaya y guardarla cu\u00e1l tesoro representa.<\/strong><\/p>\n\n\n\n<p><strong>11 de noviembre de 1540, fundaci\u00f3n y llegada de los espa\u00f1oles a este Valle y levantamiento de un fuerte para protegerse contra la furia de los ind\u00edgenas de la regi\u00f3n.<\/strong><\/p>\n\n\n\n<p><strong>Es un orgullo exhibir est\u00e1 hist\u00f3rica placa en el XIX aniversario de El Pregonero de Zamora, y sus plataformas digitales, as\u00ed como su Portal de Noticia, Instagram y web&#8230;<\/strong><\/p>\n\n\n\n<p><a href=\"https:\/\/www.facebook.com\/photo\/?fbid=855245076777326&amp;set=a.370963018538870&amp;__cft__[0]=AZWZwlosuaV8CRVhz8IKAqIrnrdWsyMCflZ39rStrBZvxKNIoga-1seVPFvRNEEE-3G1JKnjQXVDy0OJl9boLLuX8oFUqG7dBGuGW_jrcEZWTkQ5Gny_AMvLayOqT6k587yUjMOM14UdWjGjP18T2EA6FDG87d7uuY4MY7gN-VlYAlxaYDOoLdf0hIEsvLWC3aE&amp;__tn__=EH-R\"><\/a><\/p>\n","protected":false},"excerpt":{"rendered":"<p>* En 1840 se pone la primera piedra de la Catedral de Zamora. * Un 11 de noviembre de 1944 se inaugura la XEZM * 11 de Noviembre de 1940, en ungido en Zamora como obispo Coadjuctor de Morelia a don Salvador Mart\u00ednez Silva * El Patr\u00f3n de Zamora es el obispo San Mart\u00edn de [&hellip;]<\/p>\n","protected":false},"author":2,"featured_media":10178,"comment_status":"open","ping_status":"open","sticky":false,"template":"","format":"standard","meta":{"footnotes":"","_rishi_post_view_count":672},"categories":[8],"tags":[],"class_list":["post-10177","post","type-post","status-publish","format-standard","has-post-thumbnail","hentry","category-zamora"],"comments_count":"0","_links":{"self":[{"href":"https:\/\/elpregonerodezamora.com\/index.php\/wp-json\/wp\/v2\/posts\/10177","targetHints":{"allow":["GET"]}}],"collection":[{"href":"https:\/\/elpregonerodezamora.com\/index.php\/wp-json\/wp\/v2\/posts"}],"about":[{"href":"https:\/\/elpregonerodezamora.com\/index.php\/wp-json\/wp\/v2\/types\/post"}],"author":[{"embeddable":true,"href":"https:\/\/elpregonerodezamora.com\/index.php\/wp-json\/wp\/v2\/users\/2"}],"replies":[{"embeddable":true,"href":"https:\/\/elpregonerodezamora.com\/index.php\/wp-json\/wp\/v2\/comments?post=10177"}],"version-history":[{"count":1,"href":"https:\/\/elpregonerodezamora.com\/index.php\/wp-json\/wp\/v2\/posts\/10177\/revisions"}],"predecessor-version":[{"id":10179,"href":"https:\/\/elpregonerodezamora.com\/index.php\/wp-json\/wp\/v2\/posts\/10177\/revisions\/10179"}],"wp:featuredmedia":[{"embeddable":true,"href":"https:\/\/elpregonerodezamora.com\/index.php\/wp-json\/wp\/v2\/media\/10178"}],"wp:attachment":[{"href":"https:\/\/elpregonerodezamora.com\/index.php\/wp-json\/wp\/v2\/media?parent=10177"}],"wp:term":[{"taxonomy":"category","embeddable":true,"href":"https:\/\/elpregonerodezamora.com\/index.php\/wp-json\/wp\/v2\/categories?post=10177"},{"taxonomy":"post_tag","embeddable":true,"href":"https:\/\/elpregonerodezamora.com\/index.php\/wp-json\/wp\/v2\/tags?post=10177"}],"curies":[{"name":"wp","href":"https:\/\/api.w.org\/{rel}","templated":true}]}}