{"id":10170,"date":"2024-11-08T23:47:11","date_gmt":"2024-11-08T23:47:11","guid":{"rendered":"https:\/\/elpregonerodezamora.com\/?p=10170"},"modified":"2024-11-08T23:47:12","modified_gmt":"2024-11-08T23:47:12","slug":"inauguran-feria-del-mole-zamora-2024","status":"publish","type":"post","link":"https:\/\/elpregonerodezamora.com\/index.php\/2024\/11\/08\/inauguran-feria-del-mole-zamora-2024\/","title":{"rendered":"INAUGURAN FERIA DEL MOLE ZAMORA 2024"},"content":{"rendered":"\n<p style=\"font-size:25px\"><strong>* Estar\u00e1 vigente hasta el 10 de noviembre en el CRAM<\/strong><\/p>\n\n\n\n<p><strong>Redacci\u00f3n \/ El Pregonero TV<\/strong><\/p>\n\n\n\n<p><strong>Zamora, Michoac\u00e1n a 8 de noviembre de 2024.- Con la participaci\u00f3n de m\u00e1s de 60 expositores y bajo la encomienda de difundir la gastronom\u00eda tradicional del estado, el Gobierno Municipal y la Asociaci\u00f3n de Cocineras Tradicional de Michoac\u00e1n \u201cPindekua\u201d, inauguraron la \u201cFeria del Mole\u201d Zamora 2024, misma que estar\u00e1 vigente hasta el 10 de noviembre.<\/strong><\/p>\n\n\n\n<p><strong>En la ceremonia de apertura del evento que se desarrolla en el Centro Regional de las Artes de Michoac\u00e1n (CRAM), en representaci\u00f3n del presidente, Carlos Soto Delgado, el director de Turismo, Cuauht\u00e9moc Ventura Orozco, se\u00f1al\u00f3 que este tipo de acontecimientos recibir\u00e1n total respaldo y apoyo para dar a conocer el arte culinaria que se tiene en el territorio michoacano.<\/strong><\/p>\n\n\n\n<p><strong>Resalt\u00f3 la importancia de seguir manteniendo vivas las tradiciones, sobre todo en el apartado de la gastronom\u00eda, con las cocineras tradicionales que provienen de diversos puntos del estado, para mostrar gran variedad de platillos a la comunidad zamorana y de la regi\u00f3n.<\/strong><\/p>\n\n\n\n<p><strong>Ventura Orozco precis\u00f3 que esta primera Feria del Mole de Zamora 2024, no ser\u00e1 el \u00fanico acontecimiento de su tipo, porque se espera seguir trabajando de la mano con la Asociaci\u00f3n de Cocineras Tradicional de Michoac\u00e1n \u201cPindekua\u201d, para organizar m\u00e1s eventos que impulsen el trabajo de las manos de mujeres para dar gusto a los paladares.<\/strong><\/p>\n\n\n\n<p><strong>Eduardo Garibay Morales, presidente de la Asociaci\u00f3n de Cocineras Tradicional de Michoac\u00e1n \u201cPindekua\u201d, destac\u00f3 que en la feria tambi\u00e9n se ofrecer\u00e1n artesan\u00edas, bebidas preparadas, bisuter\u00eda y dem\u00e1s art\u00edculos, para que todos los asistentes tengan la oportunidad de pasar un momento agradable en compa\u00f1\u00eda de la familia.<\/strong><\/p>\n\n\n\n<p><strong>Agreg\u00f3 que las actividades iniciar\u00e1n a las 8:00 de la ma\u00f1ana y culminar\u00e1n a las 8:00 de la noche de cada d\u00eda, para deleitar las diferentes variedades de mole, como el verde, de rabo de res, de zanahoria, las bolas de pedernales, las tortillas de nopal, de batabel, guajillo y caf\u00e9, entre otras, que deleiten el paladar de los comensales.<\/strong><\/p>\n\n\n\n<p><strong>En el evento tambi\u00e9n estuvieron presentes, C\u00e9sar Rodr\u00edguez Blanco, subdirector del CRAM, Adriana Villica\u00f1a Mart\u00ednez, directora de UNIVA, y Vanessa Oseguera V\u00edzcaino, subdirectora de Turismo, adem\u00e1s de los representantes del Instituto Gastron\u00f3mico de Zamora y del Grupo CEDVA.<\/strong><\/p>\n\n\n\n<p><a href=\"https:\/\/www.facebook.com\/photo\/?fbid=853296936972140&amp;set=pcb.853297566972077&amp;__cft__[0]=AZUFM5RYWGACKKb7C3-nBbKdSOl5uLdS7WL_nEkJApj2U9dhjUtem5uFzdCdNt9TZSx2rxzQuNLOyLOdsZkLMX41ZdiDgeGh7YibFEhC1rd51Q7DKKP1WdMLH0Dk8Wy9mAA_pDK9rILNg-PQprznloQfvVrXyI5e-V-lczlApVOtgQ&amp;__tn__=*bH-R\"><\/a><\/p>\n\n\n\n<p><a href=\"https:\/\/www.facebook.com\/photo\/?fbid=853297013638799&amp;set=pcb.853297566972077&amp;__cft__[0]=AZUFM5RYWGACKKb7C3-nBbKdSOl5uLdS7WL_nEkJApj2U9dhjUtem5uFzdCdNt9TZSx2rxzQuNLOyLOdsZkLMX41ZdiDgeGh7YibFEhC1rd51Q7DKKP1WdMLH0Dk8Wy9mAA_pDK9rILNg-PQprznloQfvVrXyI5e-V-lczlApVOtgQ&amp;__tn__=*bH-R\"><\/a><\/p>\n\n\n\n<figure class=\"wp-block-image\"><a href=\"https:\/\/www.facebook.com\/photo\/?fbid=853297013638799&amp;set=pcb.853297566972077&amp;__cft__[0]=AZUFM5RYWGACKKb7C3-nBbKdSOl5uLdS7WL_nEkJApj2U9dhjUtem5uFzdCdNt9TZSx2rxzQuNLOyLOdsZkLMX41ZdiDgeGh7YibFEhC1rd51Q7DKKP1WdMLH0Dk8Wy9mAA_pDK9rILNg-PQprznloQfvVrXyI5e-V-lczlApVOtgQ&amp;__tn__=*bH-R\"><img decoding=\"async\" src=\"https:\/\/scontent.fzmm2-1.fna.fbcdn.net\/v\/t39.30808-6\/466013884_853297020305465_8679396273461355499_n.jpg?stp=dst-jpg_p552x414&amp;_nc_cat=102&amp;ccb=1-7&amp;_nc_sid=127cfc&amp;_nc_eui2=AeFDqE44dpEz-m_JhkMs6KClfzUvSn2UuuB_NS9KfZS64A4FywZGSDn4Pwa_mPO7pIx7wnZMt7Kax8IBxgxbmX0k&amp;_nc_ohc=_Xf8dzsxhRwQ7kNvgGFMf4w&amp;_nc_zt=23&amp;_nc_ht=scontent.fzmm2-1.fna&amp;_nc_gid=A2Om7aN3Q1ZgB0KU5PeTgjw&amp;oh=00_AYBSVMe0eliJCX-ie5k11vvUdSPw36wqXjlvj0vOaU83Mg&amp;oe=67347467\" alt=\"\"\/><\/a><\/figure>\n\n\n\n<p><a href=\"https:\/\/www.facebook.com\/photo\/?fbid=853297086972125&amp;set=pcb.853297566972077&amp;__cft__[0]=AZUFM5RYWGACKKb7C3-nBbKdSOl5uLdS7WL_nEkJApj2U9dhjUtem5uFzdCdNt9TZSx2rxzQuNLOyLOdsZkLMX41ZdiDgeGh7YibFEhC1rd51Q7DKKP1WdMLH0Dk8Wy9mAA_pDK9rILNg-PQprznloQfvVrXyI5e-V-lczlApVOtgQ&amp;__tn__=*bH-R\"><\/a><\/p>\n\n\n\n<figure class=\"wp-block-image\"><a href=\"https:\/\/www.facebook.com\/photo\/?fbid=853297086972125&amp;set=pcb.853297566972077&amp;__cft__[0]=AZUFM5RYWGACKKb7C3-nBbKdSOl5uLdS7WL_nEkJApj2U9dhjUtem5uFzdCdNt9TZSx2rxzQuNLOyLOdsZkLMX41ZdiDgeGh7YibFEhC1rd51Q7DKKP1WdMLH0Dk8Wy9mAA_pDK9rILNg-PQprznloQfvVrXyI5e-V-lczlApVOtgQ&amp;__tn__=*bH-R\"><img decoding=\"async\" src=\"https:\/\/scontent.fzmm2-1.fna.fbcdn.net\/v\/t39.30808-6\/465980732_853297093638791_8885739623166971714_n.jpg?stp=dst-jpg_p526x395&amp;_nc_cat=102&amp;ccb=1-7&amp;_nc_sid=127cfc&amp;_nc_eui2=AeF7dK9GRrNvodoQnSgE5XqQ1y6gNAB6i0bXLqA0AHqLRocjj5X4inL9V_RvMIwi16gQX6ysOgCPLaXoBgEvDyjI&amp;_nc_ohc=M8n74fjE7AUQ7kNvgEXFLTf&amp;_nc_zt=23&amp;_nc_ht=scontent.fzmm2-1.fna&amp;_nc_gid=A2Om7aN3Q1ZgB0KU5PeTgjw&amp;oh=00_AYA6w7blvzVKpL_se9XhO9SGogaVCE_B6jTDN-eAaqmUTQ&amp;oe=67345E91\" alt=\"\"\/><\/a><\/figure>\n\n\n\n<p><a href=\"https:\/\/www.facebook.com\/photo\/?fbid=853297150305452&amp;set=pcb.853297566972077&amp;__cft__[0]=AZUFM5RYWGACKKb7C3-nBbKdSOl5uLdS7WL_nEkJApj2U9dhjUtem5uFzdCdNt9TZSx2rxzQuNLOyLOdsZkLMX41ZdiDgeGh7YibFEhC1rd51Q7DKKP1WdMLH0Dk8Wy9mAA_pDK9rILNg-PQprznloQfvVrXyI5e-V-lczlApVOtgQ&amp;__tn__=*bH-R\"><\/a><\/p>\n\n\n\n<figure class=\"wp-block-image\"><a href=\"https:\/\/www.facebook.com\/photo\/?fbid=853297150305452&amp;set=pcb.853297566972077&amp;__cft__[0]=AZUFM5RYWGACKKb7C3-nBbKdSOl5uLdS7WL_nEkJApj2U9dhjUtem5uFzdCdNt9TZSx2rxzQuNLOyLOdsZkLMX41ZdiDgeGh7YibFEhC1rd51Q7DKKP1WdMLH0Dk8Wy9mAA_pDK9rILNg-PQprznloQfvVrXyI5e-V-lczlApVOtgQ&amp;__tn__=*bH-R\"><img decoding=\"async\" src=\"https:\/\/scontent.fzmm2-1.fna.fbcdn.net\/v\/t39.30808-6\/466069786_853297156972118_803025436400689575_n.jpg?stp=dst-jpg_s600x600&amp;_nc_cat=107&amp;ccb=1-7&amp;_nc_sid=127cfc&amp;_nc_eui2=AeHlQlYAkTpPtZLblkYR-6nUctZzH2rups5y1nMfau6mzmlEqCo0fcFOu5nefe-BUkgDYMh4LBwJIRcZ6sWm6kAI&amp;_nc_ohc=gyvg7iWQiVoQ7kNvgGgSVFf&amp;_nc_zt=23&amp;_nc_ht=scontent.fzmm2-1.fna&amp;_nc_gid=A2Om7aN3Q1ZgB0KU5PeTgjw&amp;oh=00_AYCLA-E59yU-I5VW4QicI_zshN_j5Vkw6ajGe3eHKGTl9w&amp;oe=67348A20\" alt=\"\"\/><\/a><\/figure>\n\n\n\n<p><a href=\"https:\/\/www.facebook.com\/photo\/?fbid=853297213638779&amp;set=pcb.853297566972077&amp;__cft__[0]=AZUFM5RYWGACKKb7C3-nBbKdSOl5uLdS7WL_nEkJApj2U9dhjUtem5uFzdCdNt9TZSx2rxzQuNLOyLOdsZkLMX41ZdiDgeGh7YibFEhC1rd51Q7DKKP1WdMLH0Dk8Wy9mAA_pDK9rILNg-PQprznloQfvVrXyI5e-V-lczlApVOtgQ&amp;__tn__=*bH-R\"><\/a><\/p>\n\n\n\n<figure class=\"wp-block-image\"><a href=\"https:\/\/www.facebook.com\/photo\/?fbid=853297213638779&amp;set=pcb.853297566972077&amp;__cft__[0]=AZUFM5RYWGACKKb7C3-nBbKdSOl5uLdS7WL_nEkJApj2U9dhjUtem5uFzdCdNt9TZSx2rxzQuNLOyLOdsZkLMX41ZdiDgeGh7YibFEhC1rd51Q7DKKP1WdMLH0Dk8Wy9mAA_pDK9rILNg-PQprznloQfvVrXyI5e-V-lczlApVOtgQ&amp;__tn__=*bH-R\"><img decoding=\"async\" src=\"https:\/\/scontent.fzmm2-1.fna.fbcdn.net\/v\/t39.30808-6\/466015190_853297216972112_2527925877604994267_n.jpg?stp=dst-jpg_s600x600&amp;_nc_cat=105&amp;ccb=1-7&amp;_nc_sid=127cfc&amp;_nc_eui2=AeGdwfOnHKQCIunxfwCfsV8KsVm65Xu24BqxWbrle7bgGnXNBlH-zsM7F37w0n57kF0fW3qf2GyZttqVcm6im7sl&amp;_nc_ohc=JhSVEdNRL8MQ7kNvgFGildM&amp;_nc_zt=23&amp;_nc_ht=scontent.fzmm2-1.fna&amp;_nc_gid=A2Om7aN3Q1ZgB0KU5PeTgjw&amp;oh=00_AYAED3HkrRHuWd6zXiuxxNott5hvzWp0gtuAb14LWz2tGA&amp;oe=67348D27\" alt=\"\"\/><\/a><\/figure>\n\n\n\n<p><a href=\"https:\/\/www.facebook.com\/photo\/?fbid=853297213638779&amp;set=pcb.853297566972077&amp;__cft__[0]=AZUFM5RYWGACKKb7C3-nBbKdSOl5uLdS7WL_nEkJApj2U9dhjUtem5uFzdCdNt9TZSx2rxzQuNLOyLOdsZkLMX41ZdiDgeGh7YibFEhC1rd51Q7DKKP1WdMLH0Dk8Wy9mAA_pDK9rILNg-PQprznloQfvVrXyI5e-V-lczlApVOtgQ&amp;__tn__=*bH-R\">+4<\/a><\/p>\n","protected":false},"excerpt":{"rendered":"<p>* Estar\u00e1 vigente hasta el 10 de noviembre en el CRAM Redacci\u00f3n \/ El Pregonero TV Zamora, Michoac\u00e1n a 8 de noviembre de 2024.- Con la participaci\u00f3n de m\u00e1s de 60 expositores y bajo la encomienda de difundir la gastronom\u00eda tradicional del estado, el Gobierno Municipal y la Asociaci\u00f3n de Cocineras Tradicional de Michoac\u00e1n \u201cPindekua\u201d, [&hellip;]<\/p>\n","protected":false},"author":2,"featured_media":10171,"comment_status":"open","ping_status":"open","sticky":false,"template":"","format":"standard","meta":{"footnotes":"","_rishi_post_view_count":799},"categories":[8],"tags":[],"class_list":["post-10170","post","type-post","status-publish","format-standard","has-post-thumbnail","hentry","category-zamora"],"comments_count":"0","_links":{"self":[{"href":"https:\/\/elpregonerodezamora.com\/index.php\/wp-json\/wp\/v2\/posts\/10170","targetHints":{"allow":["GET"]}}],"collection":[{"href":"https:\/\/elpregonerodezamora.com\/index.php\/wp-json\/wp\/v2\/posts"}],"about":[{"href":"https:\/\/elpregonerodezamora.com\/index.php\/wp-json\/wp\/v2\/types\/post"}],"author":[{"embeddable":true,"href":"https:\/\/elpregonerodezamora.com\/index.php\/wp-json\/wp\/v2\/users\/2"}],"replies":[{"embeddable":true,"href":"https:\/\/elpregonerodezamora.com\/index.php\/wp-json\/wp\/v2\/comments?post=10170"}],"version-history":[{"count":1,"href":"https:\/\/elpregonerodezamora.com\/index.php\/wp-json\/wp\/v2\/posts\/10170\/revisions"}],"predecessor-version":[{"id":10172,"href":"https:\/\/elpregonerodezamora.com\/index.php\/wp-json\/wp\/v2\/posts\/10170\/revisions\/10172"}],"wp:featuredmedia":[{"embeddable":true,"href":"https:\/\/elpregonerodezamora.com\/index.php\/wp-json\/wp\/v2\/media\/10171"}],"wp:attachment":[{"href":"https:\/\/elpregonerodezamora.com\/index.php\/wp-json\/wp\/v2\/media?parent=10170"}],"wp:term":[{"taxonomy":"category","embeddable":true,"href":"https:\/\/elpregonerodezamora.com\/index.php\/wp-json\/wp\/v2\/categories?post=10170"},{"taxonomy":"post_tag","embeddable":true,"href":"https:\/\/elpregonerodezamora.com\/index.php\/wp-json\/wp\/v2\/tags?post=10170"}],"curies":[{"name":"wp","href":"https:\/\/api.w.org\/{rel}","templated":true}]}}